{"id":6218,"date":"2022-04-22T11:12:58","date_gmt":"2022-04-22T09:12:58","guid":{"rendered":"https:\/\/www.pensiericroccanti.it\/?p=6218"},"modified":"2022-04-22T16:50:13","modified_gmt":"2022-04-22T14:50:13","slug":"pasta-alluovo","status":"publish","type":"post","link":"https:\/\/www.pensiericroccanti.it\/index.php\/2022\/04\/22\/pasta-alluovo\/","title":{"rendered":"PASTA ALL\u2019UOVO : CONTINUA IL VIAGGIO IN EMILIA"},"content":{"rendered":"\n<h5 class=\"has-text-align-center has-black-color has-text-color has-background wp-block-heading\" id=\"comprare-prodotti-di-stagione-perche-e-importante-a-cura-di-emanuele-perati\" style=\"background-color:#fff000\">PASTA ALL\u2019UOVO : Curiosit\u00e0 gastronomiche sulle eccellenze della Food Valley d\u2019Italia a cura di <span style=\"text-decoration: underline;\" class=\"underline\">Emanuele Perati<\/span><\/h5>\n\n\n\n<p class=\"has-text-align-justify\">PASTA ALL\u2019UOVO : Se la pasta secca, a base di semola rimacinata di grano duro, ci fa pensare subito a Gragnano e ai grandi pastifici artigianali, la pasta fresca all\u2019uovo ci porta subito con la mente in Emilia-Romagna. Qui, ogni singola provincia ha preso la pasta fresca e ne ha fatto uno dei pilastri della propria tradizione gastronomica. Lasagne, tortelli di zucca e di ricotta, tortellini. Percorriamo la Via Emilia, calice di <a href=\"https:\/\/www.pensiericroccanti.it\/index.php\/2022\/03\/24\/lambrusco\/\">Lambrusco<\/a> alla mano, alla scoperta dei primi piatti regionali e dei segreti dell\u2019unico elemento che li accomuna tutti: la pasta.<\/p>\n\n\n\n<p class=\"has-text-align-justify\">Partiamo dalla ricetta. La regola delle <em>Rezdore<\/em> emiliane vuole un uovo ogni 100 gr. di farina. Spianatoia, farina disposta a fontana e uova al centro. Si amalgamano gli ingredienti, inizialmente con una forchetta, poi con le mani. Si continua a lavorare l\u2019impasto, finch\u00e9 non risulta liscio e omogeneo. Dopodich\u00e9, si avvolge con pellicola trasparente e si mette a riposare per almeno mezz\u2019ora in frigorifero. Un consiglio: Sostituite una parte di farina 00 con semola di grano duro (20%-30%) per migliorare la tenuta in cottura della pasta.<\/p>\n\n\n\n<div style=\"height:10px\" aria-hidden=\"true\" class=\"wp-block-spacer\"><\/div>\n\n\n\n<figure class=\"wp-block-image size-large\"><img decoding=\"async\" src=\"data:image\/gif;base64,R0lGODlhAQABAAAAACH5BAEKAAEALAAAAAABAAEAAAICTAEAOw==\" data-layzr=\"https:\/\/www.pensiericroccanti.it\/wp-content\/uploads\/2022\/04\/pasta-uovo-2-1024x683.jpg\" alt=\"PASTA ALL\u2019UOVO\" class=\"wp-image-6219\" title=\"\"><\/figure>\n\n\n\n<p class=\"has-text-align-justify\">\u00c8 il momento della stesura. Mattarello o macchinetta? Dipende. Col mattarello di legno diamo pi\u00f9 rugosit\u00e0 alla pasta, che tratterr\u00e0 meglio il sugo che l\u2019accompagna. Questo \u00e8 particolarmente importante per lasagne, tagliatelle e certe paste ripiene quando sono servite \u201casciutte\u201d. Un po\u2019 meno per dei tortellini in brodo. Certo, le sfogline esperte stendono agilmente col mattarello veli sottilissimi di pasta per qualsiasi preparazione, ma questo non \u00e8 esattamente semplice. <\/p>\n\n\n\n<p class=\"has-text-align-justify\">Meglio allora usare la macchinetta, specialmente se stiamo preparando delle paste ripiene. In questo caso, la velocit\u00e0 di esecuzione \u00e8 importante. Se la sfoglia prende troppa aria e inizia a seccarsi, la pasta non si chiude bene e il ripieno potrebbe fuoriuscire. Per questo motivo, altra cosa importante \u00e8 lavorare poca pasta alla volta, tenendo il resto coperto con un canovaccio umido.<\/p>\n\n\n\n<div style=\"height:10px\" aria-hidden=\"true\" class=\"wp-block-spacer\"><\/div>\n\n\n\n<figure class=\"wp-block-image size-large\"><img decoding=\"async\" src=\"data:image\/gif;base64,R0lGODlhAQABAAAAACH5BAEKAAEALAAAAAABAAEAAAICTAEAOw==\" data-layzr=\"https:\/\/www.pensiericroccanti.it\/wp-content\/uploads\/2022\/04\/pasta-uovo-3-1024x683.jpg\" alt=\"PASTA ALL\u2019UOVO\" class=\"wp-image-6220\" title=\"\"><\/figure>\n\n\n\n<p class=\"has-text-align-justify\">Imparare a padroneggiare la pasta fresca fatta in casa \u00e8 una skill importante in cucina, non solo per replicare i primi piatti della tradizione emiliana (o di altre regioni). Dentro ad un tortello potete mettere praticamente qualsiasi cosa, a patto che non rilasci dei liquidi. Via libera quindi a ripieni di pesce, patate, formaggi. Pensavate che in Emilia ci limitassimo al classico ricotta e spinaci? Sbagliato. Nei <em>Balanzoni<\/em> bolognesi, ad esempio, il ripieno \u00e8 di ricotta e mortadella. Sono dei tortelloni di pasta verde, poco conosciuti fuori regione, che vi consiglio di provare quando passate da queste parti. <\/p>\n\n\n\n<p class=\"has-text-align-justify\">Sotto Natale, poi, alcuni ristoranti propongono dei tortelli ripieni di cotechino, accompagnati da una salsa di lenticchie. Una rivisitazione in chiave emiliana di un classico delle feste, che, con un buon calice di Lambrusco, \u00e8 una vera goduria. Inoltre, potete giocare con i colori della pasta. Non solo pasta verde agli spinaci, come vuole la tradizione bolognese per le lasagne. Nero di seppia, rapa rossa, spezie, con la pasta fresca potete davvero dare sfogo alla vostra creativit\u00e0 e inventarvi di tutto.<\/p>\n\n\n\n<div style=\"height:10px\" aria-hidden=\"true\" class=\"wp-block-spacer\"><\/div>\n\n\n\n<figure class=\"wp-block-image size-large\"><img decoding=\"async\" src=\"data:image\/gif;base64,R0lGODlhAQABAAAAACH5BAEKAAEALAAAAAABAAEAAAICTAEAOw==\" data-layzr=\"https:\/\/www.pensiericroccanti.it\/wp-content\/uploads\/2022\/04\/pasta-uovo-4-1024x686.jpg\" alt=\"PASTA ALL\u2019UOVO\" class=\"wp-image-6221\" title=\"\"><\/figure>\n\n\n\n<p class=\"has-text-align-justify\">Se non avete abbastanza manualit\u00e0 per la pasta ripiena, nessun problema. Si parte con qualcosa di pi\u00f9 semplice e si impara intanto a fare bene la sfoglia. Vi basta riuscire a fare dei rettangoli e potete sbizzarrirvi con delle lasagnette. Non solo classiche, ma anche vegetariane, di mare o dai sapori autunnali. Io le adoro con zucca, taleggio e salsiccia, ad esempio.<\/p>\n\n\n\n<p class=\"has-text-align-justify\">Procedendo per difficolt\u00e0 di preparazione, ci sono le rosette e le tagliatelle. Quest\u2019ultime non hanno bisogno di presentazione, sono ampiamente diffuse fuori dai confini dell\u2019Emilia-Romagna. Quindi, mi limito a lasciarvi un\u2019idea originale per la prossima volta che avrete voglia di mettere le mani in pasta. Date un\u2019occhiata <a href=\"https:\/\/www.pensiericroccanti.it\/index.php\/2020\/03\/30\/tagliatelle-con-crema-di-pecorino-di-farindola\/\">qui<\/a>. Veniamo alle Rosette. \u00c8 un piatto tipico modenese, composto da tanti rotolini di pasta farciti con prosciutto e formaggio. Si fanno gratinare in forno coperte con abbondante besciamella e parmigiano grattugiato, e sono una bomba. <\/p>\n\n\n\n<p class=\"has-text-align-justify\">Per prepararle si parte sempre da dei rettangoli di pasta, che vanno sbollentati brevemente. Poi, dopo averli stesi e ricoperti con prosciutto cotto e fontina a fette, arriva il passaggio delicato. Dovete arrotolare la pasta su s\u00e9 stessa, formando un cilindro che poi taglierete in parti uguali, andando a creare dei rotolini farciti che poi disporrete in verticale nella teglia, stretti tra loro in modo che restino chiusi. Vi consiglio di usare un po\u2019 di besciamella nella farcitura, dar\u00e0 ancora pi\u00f9 cremosit\u00e0 e funger\u00e0 da \u201ccolla\u201d. Quando la teglia \u00e8 completa, altra besciamella, parmigiano grattugiato e via in forno.<\/p>\n\n\n\n<div style=\"height:10px\" aria-hidden=\"true\" class=\"wp-block-spacer\"><\/div>\n\n\n\n<figure class=\"wp-block-image size-large\"><img decoding=\"async\" src=\"data:image\/gif;base64,R0lGODlhAQABAAAAACH5BAEKAAEALAAAAAABAAEAAAICTAEAOw==\" data-layzr=\"https:\/\/www.pensiericroccanti.it\/wp-content\/uploads\/2022\/04\/pasta-uovo-5-1024x673.jpg\" alt=\"PASTA ALL\u2019UOVO\" class=\"wp-image-6222\" title=\"\"><\/figure>\n\n\n\n<p class=\"has-text-align-justify\">Le paste ripiene, infine, sono le pi\u00f9 difficili da preparare. Specialmente i tortellini, i pi\u00f9 piccoli e, a mio avviso, i pi\u00f9 buoni di tutti, richiedono tanta manualit\u00e0. Quindi, io direi di parlarne un\u2019altra volta, anche perch\u00e9, per noi Modenesi, i tortellini sono quasi una religione e vanno raccontati con il rispetto che meritano. Vi do solo una piccola anticipazione: li abbiamo inventati noi, non i Bolognesi.<\/p>\n\n\n\n<hr class=\"wp-block-separator has-css-opacity\"\/>\n\n\n\n<div class=\"wp-block-group\"><div class=\"wp-block-group__inner-container is-layout-flow wp-block-group-is-layout-flow\">\n<div class=\"wp-block-columns is-layout-flex wp-container-core-columns-is-layout-9d6595d7 wp-block-columns-is-layout-flex\">\n<div class=\"wp-block-column is-layout-flow wp-block-column-is-layout-flow\" style=\"flex-basis:100%\">\n<div class=\"wp-block-group\"><div class=\"wp-block-group__inner-container is-layout-flow wp-block-group-is-layout-flow\">\n<div class=\"wp-block-columns is-layout-flex wp-container-core-columns-is-layout-9d6595d7 wp-block-columns-is-layout-flex\">\n<div class=\"wp-block-column is-layout-flow wp-block-column-is-layout-flow\" style=\"flex-basis:100%\">\n<div class=\"wp-block-columns is-layout-flex wp-container-core-columns-is-layout-9d6595d7 wp-block-columns-is-layout-flex\">\n<div class=\"wp-block-column is-layout-flow wp-block-column-is-layout-flow\">\n<div class=\"wp-block-image\"><figure class=\"aligncenter size-full is-resized\"><img loading=\"lazy\" decoding=\"async\" src=\"data:image\/gif;base64,R0lGODlhAQABAAAAACH5BAEKAAEALAAAAAABAAEAAAICTAEAOw==\" data-layzr=\"https:\/\/www.pensiericroccanti.it\/wp-content\/uploads\/2022\/02\/emanule-perati-2.jpg\" alt=\"emanuele perati\" class=\"wp-image-5189\" width=\"244\" height=\"304\" title=\"\"><figcaption>Emanuele Perati<\/figcaption><\/figure><\/div>\n<\/div>\n\n\n\n<div class=\"wp-block-column is-vertically-aligned-center is-layout-flow wp-block-column-is-layout-flow\">\n<p class=\"has-text-align-justify has-small-font-size\">29 anni, nato a Modena. Cresciuto a Lambrusco e grassi saturi, appassionato di cucina da sempre, perch\u00e9 da queste parti far da mangiare \u00e8 una roba seria. Una laurea in Marketing, un Master in Valorizzazione delle tipicit\u00e0 enogastronomiche, artigiano a tempo pieno e cameriere occasionale. Frequentatore professionista di osterie, cuoco amatoriale a tratti eccellente e a tratti disastroso, aspirante sommelier. Per me la cucina \u00e8 soprattutto arte, l\u2019unica capace di appagare tutti e cinque i nostri sensi. Scrivo di tutto ci\u00f2 che sta sopra, sotto o intorno a una tavola, tecniche, curiosit\u00e0 da gustare e molto altro. Sogno di partire alla scoperta di sapori e profumi lontani e di vivere raccontandoli a chi, come me, se non sta mangiando sta probabilmente pensando a cosa mangiare.<\/p>\n\n\n\n<p class=\"has-small-font-size\"><a href=\"mailto:lele.perati@gmail.com\">lele.perati@gmail.com<\/a><\/p>\n\n\n\n<p class=\"has-text-align-justify has-small-font-size\"> <\/p>\n<\/div>\n<\/div>\n<\/div>\n<\/div>\n<\/div><\/div>\n<\/div>\n<\/div>\n<\/div><\/div>\n\n\n<p class=\"aligncenter is-style-outline wp-block-tag-cloud\"><a href=\"https:\/\/www.pensiericroccanti.it\/index.php\/tag\/abruzzo\/\" class=\"tag-cloud-link tag-link-234 tag-link-position-1\" style=\"font-size: 9.8666666666667pt;\" aria-label=\"ABRUZZO (7 elementi)\">ABRUZZO<\/a>\n<a href=\"https:\/\/www.pensiericroccanti.it\/index.php\/tag\/aifi\/\" class=\"tag-cloud-link tag-link-2030 tag-link-position-2\" style=\"font-size: 10.644444444444pt;\" aria-label=\"aifi (8 elementi)\">aifi<\/a>\n<a href=\"https:\/\/www.pensiericroccanti.it\/index.php\/tag\/albumi\/\" class=\"tag-cloud-link tag-link-401 tag-link-position-3\" style=\"font-size: 10.644444444444pt;\" aria-label=\"albumi (8 elementi)\">albumi<\/a>\n<a href=\"https:\/\/www.pensiericroccanti.it\/index.php\/tag\/avena\/\" class=\"tag-cloud-link tag-link-18 tag-link-position-4\" style=\"font-size: 13.133333333333pt;\" aria-label=\"AVENA (12 elementi)\">AVENA<\/a>\n<a href=\"https:\/\/www.pensiericroccanti.it\/index.php\/tag\/basilico\/\" class=\"tag-cloud-link tag-link-496 tag-link-position-5\" style=\"font-size: 8pt;\" aria-label=\"BASILICO (5 elementi)\">BASILICO<\/a>\n<a href=\"https:\/\/www.pensiericroccanti.it\/index.php\/tag\/caramello\/\" class=\"tag-cloud-link tag-link-313 tag-link-position-6\" style=\"font-size: 8pt;\" aria-label=\"caramello (5 elementi)\">caramello<\/a>\n<a href=\"https:\/\/www.pensiericroccanti.it\/index.php\/tag\/cavolo-viola\/\" class=\"tag-cloud-link tag-link-492 tag-link-position-7\" style=\"font-size: 8pt;\" aria-label=\"CAVOLO VIOLA (5 elementi)\">CAVOLO VIOLA<\/a>\n<a href=\"https:\/\/www.pensiericroccanti.it\/index.php\/tag\/cheesecake\/\" class=\"tag-cloud-link tag-link-216 tag-link-position-8\" style=\"font-size: 8pt;\" aria-label=\"cheesecake (5 elementi)\">cheesecake<\/a>\n<a href=\"https:\/\/www.pensiericroccanti.it\/index.php\/tag\/cioccolato\/\" class=\"tag-cloud-link tag-link-73 tag-link-position-9\" style=\"font-size: 20.288888888889pt;\" aria-label=\"CIOCCOLATO (36 elementi)\">CIOCCOLATO<\/a>\n<a href=\"https:\/\/www.pensiericroccanti.it\/index.php\/tag\/cioccolato-bianco\/\" class=\"tag-cloud-link tag-link-278 tag-link-position-10\" style=\"font-size: 9.8666666666667pt;\" aria-label=\"cioccolato bianco (7 elementi)\">cioccolato bianco<\/a>\n<a href=\"https:\/\/www.pensiericroccanti.it\/index.php\/tag\/clafoutis\/\" class=\"tag-cloud-link tag-link-147 tag-link-position-11\" style=\"font-size: 8pt;\" aria-label=\"clafoutis (5 elementi)\">clafoutis<\/a>\n<a href=\"https:\/\/www.pensiericroccanti.it\/index.php\/tag\/cocco\/\" class=\"tag-cloud-link tag-link-152 tag-link-position-12\" style=\"font-size: 8pt;\" aria-label=\"cocco (5 elementi)\">cocco<\/a>\n<a href=\"https:\/\/www.pensiericroccanti.it\/index.php\/tag\/colazione-fit\/\" class=\"tag-cloud-link tag-link-250 tag-link-position-13\" style=\"font-size: 14.533333333333pt;\" aria-label=\"COLAZIONE FIT (15 elementi)\">COLAZIONE FIT<\/a>\n<a href=\"https:\/\/www.pensiericroccanti.it\/index.php\/tag\/colazione-light\/\" class=\"tag-cloud-link tag-link-398 tag-link-position-14\" style=\"font-size: 9.0888888888889pt;\" aria-label=\"colazione light (6 elementi)\">colazione light<\/a>\n<a href=\"https:\/\/www.pensiericroccanti.it\/index.php\/tag\/dolce-gluten-free\/\" class=\"tag-cloud-link tag-link-468 tag-link-position-15\" style=\"font-size: 20.755555555556pt;\" aria-label=\"dolce gluten free (39 elementi)\">dolce gluten free<\/a>\n<a href=\"https:\/\/www.pensiericroccanti.it\/index.php\/tag\/emanuele-perati\/\" class=\"tag-cloud-link tag-link-1896 tag-link-position-16\" style=\"font-size: 13.133333333333pt;\" aria-label=\"emanuele perati (12 elementi)\">emanuele perati<\/a>\n<a href=\"https:\/\/www.pensiericroccanti.it\/index.php\/tag\/gluten-free\/\" class=\"tag-cloud-link tag-link-300 tag-link-position-17\" style=\"font-size: 22pt;\" aria-label=\"gluten free (47 elementi)\">gluten free<\/a>\n<a href=\"https:\/\/www.pensiericroccanti.it\/index.php\/tag\/imprentas\/\" class=\"tag-cloud-link tag-link-1942 tag-link-position-18\" style=\"font-size: 13.133333333333pt;\" aria-label=\"imprentas (12 elementi)\">imprentas<\/a>\n<a href=\"https:\/\/www.pensiericroccanti.it\/index.php\/tag\/limone\/\" class=\"tag-cloud-link tag-link-932 tag-link-position-19\" style=\"font-size: 8pt;\" aria-label=\"LIMONE (5 elementi)\">LIMONE<\/a>\n<a href=\"https:\/\/www.pensiericroccanti.it\/index.php\/tag\/mandorle\/\" class=\"tag-cloud-link tag-link-508 tag-link-position-20\" style=\"font-size: 13.755555555556pt;\" aria-label=\"MANDORLE (13 elementi)\">MANDORLE<\/a>\n<a href=\"https:\/\/www.pensiericroccanti.it\/index.php\/tag\/milani\/\" class=\"tag-cloud-link tag-link-144 tag-link-position-21\" style=\"font-size: 9.8666666666667pt;\" aria-label=\"milani (7 elementi)\">milani<\/a>\n<a href=\"https:\/\/www.pensiericroccanti.it\/index.php\/tag\/milani-frutta-secca\/\" class=\"tag-cloud-link tag-link-145 tag-link-position-22\" style=\"font-size: 9.0888888888889pt;\" aria-label=\"milani frutta secca (6 elementi)\">milani frutta secca<\/a>\n<a href=\"https:\/\/www.pensiericroccanti.it\/index.php\/tag\/nutella\/\" class=\"tag-cloud-link tag-link-168 tag-link-position-23\" style=\"font-size: 9.8666666666667pt;\" aria-label=\"NUTELLA (7 elementi)\">NUTELLA<\/a>\n<a href=\"https:\/\/www.pensiericroccanti.it\/index.php\/tag\/pancakes\/\" class=\"tag-cloud-link tag-link-294 tag-link-position-24\" style=\"font-size: 10.644444444444pt;\" aria-label=\"pancakes (8 elementi)\">pancakes<\/a>\n<a href=\"https:\/\/www.pensiericroccanti.it\/index.php\/tag\/pensieri-croccanti\/\" class=\"tag-cloud-link tag-link-1053 tag-link-position-25\" style=\"font-size: 19.822222222222pt;\" aria-label=\"pensieri croccanti (34 elementi)\">pensieri croccanti<\/a>\n<a href=\"https:\/\/www.pensiericroccanti.it\/index.php\/tag\/pepe\/\" class=\"tag-cloud-link tag-link-627 tag-link-position-26\" style=\"font-size: 9.0888888888889pt;\" aria-label=\"pepe (6 elementi)\">pepe<\/a>\n<a href=\"https:\/\/www.pensiericroccanti.it\/index.php\/tag\/pistacchi\/\" class=\"tag-cloud-link tag-link-1100 tag-link-position-27\" style=\"font-size: 8pt;\" aria-label=\"pistacchi (5 elementi)\">pistacchi<\/a>\n<a href=\"https:\/\/www.pensiericroccanti.it\/index.php\/tag\/pizza\/\" class=\"tag-cloud-link tag-link-1033 tag-link-position-28\" style=\"font-size: 8pt;\" aria-label=\"pizza (5 elementi)\">pizza<\/a>\n<a href=\"https:\/\/www.pensiericroccanti.it\/index.php\/tag\/porridge\/\" class=\"tag-cloud-link tag-link-247 tag-link-position-29\" style=\"font-size: 10.644444444444pt;\" aria-label=\"PORRIDGE (8 elementi)\">PORRIDGE<\/a>\n<a href=\"https:\/\/www.pensiericroccanti.it\/index.php\/tag\/porridge-avena\/\" class=\"tag-cloud-link tag-link-568 tag-link-position-30\" style=\"font-size: 8pt;\" aria-label=\"porridge avena (5 elementi)\">porridge avena<\/a>\n<a href=\"https:\/\/www.pensiericroccanti.it\/index.php\/tag\/ricetta\/\" class=\"tag-cloud-link tag-link-1035 tag-link-position-31\" style=\"font-size: 8pt;\" aria-label=\"ricetta (5 elementi)\">ricetta<\/a>\n<a href=\"https:\/\/www.pensiericroccanti.it\/index.php\/tag\/ricetta-abruzzese\/\" class=\"tag-cloud-link tag-link-1312 tag-link-position-32\" style=\"font-size: 9.8666666666667pt;\" aria-label=\"ricetta abruzzese (7 elementi)\">ricetta abruzzese<\/a>\n<a href=\"https:\/\/www.pensiericroccanti.it\/index.php\/tag\/ricetta-facile\/\" class=\"tag-cloud-link tag-link-289 tag-link-position-33\" style=\"font-size: 8pt;\" aria-label=\"RICETTA FACILE (5 elementi)\">RICETTA FACILE<\/a>\n<a href=\"https:\/\/www.pensiericroccanti.it\/index.php\/tag\/ricetta-giappone\/\" class=\"tag-cloud-link tag-link-612 tag-link-position-34\" style=\"font-size: 8pt;\" aria-label=\"RICETTA GIAPPONE (5 elementi)\">RICETTA GIAPPONE<\/a>\n<a href=\"https:\/\/www.pensiericroccanti.it\/index.php\/tag\/ricetta-giapponese\/\" class=\"tag-cloud-link tag-link-611 tag-link-position-35\" style=\"font-size: 8pt;\" aria-label=\"RICETTA GIAPPONESE (5 elementi)\">RICETTA GIAPPONESE<\/a>\n<a href=\"https:\/\/www.pensiericroccanti.it\/index.php\/tag\/ricette-abruzzesi\/\" class=\"tag-cloud-link tag-link-233 tag-link-position-36\" style=\"font-size: 12.666666666667pt;\" aria-label=\"RICETTE ABRUZZESI (11 elementi)\">RICETTE ABRUZZESI<\/a>\n<a href=\"https:\/\/www.pensiericroccanti.it\/index.php\/tag\/ricette-senza-glutine\/\" class=\"tag-cloud-link tag-link-255 tag-link-position-37\" style=\"font-size: 21.222222222222pt;\" aria-label=\"RICETTE SENZA GLUTINE (42 elementi)\">RICETTE SENZA GLUTINE<\/a>\n<a href=\"https:\/\/www.pensiericroccanti.it\/index.php\/tag\/ricotta\/\" class=\"tag-cloud-link tag-link-183 tag-link-position-38\" style=\"font-size: 10.644444444444pt;\" aria-label=\"RICOTTA (8 elementi)\">RICOTTA<\/a>\n<a href=\"https:\/\/www.pensiericroccanti.it\/index.php\/tag\/risotto\/\" class=\"tag-cloud-link tag-link-126 tag-link-position-39\" style=\"font-size: 10.644444444444pt;\" aria-label=\"RISOTTO (8 elementi)\">RISOTTO<\/a>\n<a href=\"https:\/\/www.pensiericroccanti.it\/index.php\/tag\/rum\/\" class=\"tag-cloud-link tag-link-955 tag-link-position-40\" style=\"font-size: 8pt;\" aria-label=\"rum (5 elementi)\">rum<\/a>\n<a href=\"https:\/\/www.pensiericroccanti.it\/index.php\/tag\/salumi-minozzi\/\" class=\"tag-cloud-link tag-link-119 tag-link-position-41\" style=\"font-size: 8pt;\" aria-label=\"SALUMI MINOZZI (5 elementi)\">SALUMI MINOZZI<\/a>\n<a href=\"https:\/\/www.pensiericroccanti.it\/index.php\/tag\/scuppoz\/\" class=\"tag-cloud-link tag-link-545 tag-link-position-42\" style=\"font-size: 10.644444444444pt;\" aria-label=\"scuppoz (8 elementi)\">scuppoz<\/a>\n<a href=\"https:\/\/www.pensiericroccanti.it\/index.php\/tag\/senza-glutine\/\" class=\"tag-cloud-link tag-link-23 tag-link-position-43\" style=\"font-size: 21.844444444444pt;\" aria-label=\"SENZA GLUTINE (46 elementi)\">SENZA GLUTINE<\/a>\n<a href=\"https:\/\/www.pensiericroccanti.it\/index.php\/tag\/spaghetti\/\" class=\"tag-cloud-link tag-link-165 tag-link-position-44\" style=\"font-size: 11.422222222222pt;\" aria-label=\"SPAGHETTI (9 elementi)\">SPAGHETTI<\/a>\n<a href=\"https:\/\/www.pensiericroccanti.it\/index.php\/tag\/waffles\/\" class=\"tag-cloud-link tag-link-430 tag-link-position-45\" style=\"font-size: 9.8666666666667pt;\" aria-label=\"waffles (7 elementi)\">waffles<\/a><\/p>","protected":false},"excerpt":{"rendered":"<p>PASTA ALL\u2019UOVO : Curiosit\u00e0 gastronomiche sulle eccellenze della Food Valley d\u2019Italia a cura di Emanuele Perati PASTA ALL\u2019UOVO : Se la pasta secca, a base di semola rimacinata di grano duro, ci fa pensare subito a Gragnano e ai grandi pastifici artigianali, la pasta fresca all\u2019uovo ci porta subito con la mente in Emilia-Romagna. Qui, ogni singola provincia ha preso &hellip; <\/p>\n","protected":false},"author":1,"featured_media":6224,"comment_status":"open","ping_status":"open","sticky":true,"template":"","format":"standard","meta":{"_eb_attr":"","_uag_custom_page_level_css":"","_jetpack_memberships_contains_paid_content":false,"footnotes":""},"categories":[1883,937],"tags":[1896,2002,2001,1053],"class_list":["post-6218","post","type-post","status-publish","format-standard","has-post-thumbnail","hentry","category-giornale-del-food","category-top-stories","tag-emanuele-perati","tag-emilia","tag-pasta-alluovo","tag-pensieri-croccanti","latest_post"],"jetpack_featured_media_url":"https:\/\/i0.wp.com\/www.pensiericroccanti.it\/wp-content\/uploads\/2022\/04\/pasta-uovo-1.jpg?fit=1472%2C978&ssl=1","uagb_featured_image_src":{"full":["https:\/\/i0.wp.com\/www.pensiericroccanti.it\/wp-content\/uploads\/2022\/04\/pasta-uovo-1.jpg?fit=1472%2C978&ssl=1",1472,978,false],"thumbnail":["https:\/\/i0.wp.com\/www.pensiericroccanti.it\/wp-content\/uploads\/2022\/04\/pasta-uovo-1.jpg?resize=150%2C150&ssl=1",150,150,true],"medium":["https:\/\/i0.wp.com\/www.pensiericroccanti.it\/wp-content\/uploads\/2022\/04\/pasta-uovo-1.jpg?fit=300%2C199&ssl=1",300,199,true],"medium_large":["https:\/\/i0.wp.com\/www.pensiericroccanti.it\/wp-content\/uploads\/2022\/04\/pasta-uovo-1.jpg?fit=768%2C510&ssl=1",768,510,true],"large":["https:\/\/i0.wp.com\/www.pensiericroccanti.it\/wp-content\/uploads\/2022\/04\/pasta-uovo-1.jpg?fit=925%2C614&ssl=1",925,614,true],"post-slider-thumb-size":["https:\/\/i0.wp.com\/www.pensiericroccanti.it\/wp-content\/uploads\/2022\/04\/pasta-uovo-1.jpg?resize=330%2C190&ssl=1",330,190,true],"post-category-slider-size":["https:\/\/i0.wp.com\/www.pensiericroccanti.it\/wp-content\/uploads\/2022\/04\/pasta-uovo-1.jpg?resize=330%2C350&ssl=1",330,350,true],"1536x1536":["https:\/\/i0.wp.com\/www.pensiericroccanti.it\/wp-content\/uploads\/2022\/04\/pasta-uovo-1.jpg?fit=1472%2C978&ssl=1",1472,978,true],"2048x2048":["https:\/\/i0.wp.com\/www.pensiericroccanti.it\/wp-content\/uploads\/2022\/04\/pasta-uovo-1.jpg?fit=1472%2C978&ssl=1",1472,978,true],"blossom-fashion-slider":["https:\/\/i0.wp.com\/www.pensiericroccanti.it\/wp-content\/uploads\/2022\/04\/pasta-uovo-1.jpg?resize=1472%2C760&ssl=1",1472,760,true],"blossom-fashion-slider-six":["https:\/\/i0.wp.com\/www.pensiericroccanti.it\/wp-content\/uploads\/2022\/04\/pasta-uovo-1.jpg?resize=430%2C600&ssl=1",430,600,true],"blossom-fashion-featured":["https:\/\/i0.wp.com\/www.pensiericroccanti.it\/wp-content\/uploads\/2022\/04\/pasta-uovo-1.jpg?resize=400%2C230&ssl=1",400,230,true],"blossom-fashion-with-sidebar":["https:\/\/i0.wp.com\/www.pensiericroccanti.it\/wp-content\/uploads\/2022\/04\/pasta-uovo-1.jpg?resize=925%2C540&ssl=1",925,540,true],"blossom-fashion-fullwidth":["https:\/\/i0.wp.com\/www.pensiericroccanti.it\/wp-content\/uploads\/2022\/04\/pasta-uovo-1.jpg?resize=1320%2C540&ssl=1",1320,540,true],"blossom-fashion-blog-home":["https:\/\/i0.wp.com\/www.pensiericroccanti.it\/wp-content\/uploads\/2022\/04\/pasta-uovo-1.jpg?resize=435%2C332&ssl=1",435,332,true],"blossom-fashion-blog-four":["https:\/\/i0.wp.com\/www.pensiericroccanti.it\/wp-content\/uploads\/2022\/04\/pasta-uovo-1.jpg?resize=410%2C350&ssl=1",410,350,true],"blossom-fashion-blog-five":["https:\/\/i0.wp.com\/www.pensiericroccanti.it\/wp-content\/uploads\/2022\/04\/pasta-uovo-1.jpg?resize=410%2C570&ssl=1",410,570,true],"blossom-fashion-blog-archive":["https:\/\/i0.wp.com\/www.pensiericroccanti.it\/wp-content\/uploads\/2022\/04\/pasta-uovo-1.jpg?resize=330%2C255&ssl=1",330,255,true],"blossom-fashion-related":["https:\/\/i0.wp.com\/www.pensiericroccanti.it\/wp-content\/uploads\/2022\/04\/pasta-uovo-1.jpg?resize=300%2C232&ssl=1",300,232,true],"blossom-fashion-popular":["https:\/\/i0.wp.com\/www.pensiericroccanti.it\/wp-content\/uploads\/2022\/04\/pasta-uovo-1.jpg?resize=280%2C215&ssl=1",280,215,true],"blossom-fashion-shop":["https:\/\/i0.wp.com\/www.pensiericroccanti.it\/wp-content\/uploads\/2022\/04\/pasta-uovo-1.jpg?resize=293%2C400&ssl=1",293,400,true],"blossom-fashion-schema":["https:\/\/i0.wp.com\/www.pensiericroccanti.it\/wp-content\/uploads\/2022\/04\/pasta-uovo-1.jpg?fit=90%2C60&ssl=1",90,60,true],"woocommerce_thumbnail":["https:\/\/i0.wp.com\/www.pensiericroccanti.it\/wp-content\/uploads\/2022\/04\/pasta-uovo-1.jpg?resize=300%2C300&ssl=1",300,300,true],"woocommerce_single":["https:\/\/i0.wp.com\/www.pensiericroccanti.it\/wp-content\/uploads\/2022\/04\/pasta-uovo-1.jpg?fit=600%2C399&ssl=1",600,399,true],"woocommerce_gallery_thumbnail":["https:\/\/i0.wp.com\/www.pensiericroccanti.it\/wp-content\/uploads\/2022\/04\/pasta-uovo-1.jpg?resize=300%2C300&ssl=1",300,300,true]},"uagb_author_info":{"display_name":"pensieri croccanti","author_link":"https:\/\/www.pensiericroccanti.it\/index.php\/author\/admin2991\/"},"uagb_comment_info":0,"uagb_excerpt":"PASTA ALL\u2019UOVO : Curiosit\u00e0 gastronomiche sulle eccellenze della Food Valley d\u2019Italia a cura di Emanuele Perati PASTA ALL\u2019UOVO : Se la pasta secca, a base di semola rimacinata di grano duro, ci fa pensare subito a Gragnano e ai grandi pastifici artigianali, la pasta fresca all\u2019uovo ci porta subito con la mente in Emilia-Romagna. Qui,&hellip;","jetpack_sharing_enabled":true,"jetpack-related-posts":[],"jetpack_likes_enabled":false,"_links":{"self":[{"href":"https:\/\/www.pensiericroccanti.it\/index.php\/wp-json\/wp\/v2\/posts\/6218","targetHints":{"allow":["GET"]}}],"collection":[{"href":"https:\/\/www.pensiericroccanti.it\/index.php\/wp-json\/wp\/v2\/posts"}],"about":[{"href":"https:\/\/www.pensiericroccanti.it\/index.php\/wp-json\/wp\/v2\/types\/post"}],"author":[{"embeddable":true,"href":"https:\/\/www.pensiericroccanti.it\/index.php\/wp-json\/wp\/v2\/users\/1"}],"replies":[{"embeddable":true,"href":"https:\/\/www.pensiericroccanti.it\/index.php\/wp-json\/wp\/v2\/comments?post=6218"}],"version-history":[{"count":2,"href":"https:\/\/www.pensiericroccanti.it\/index.php\/wp-json\/wp\/v2\/posts\/6218\/revisions"}],"predecessor-version":[{"id":6234,"href":"https:\/\/www.pensiericroccanti.it\/index.php\/wp-json\/wp\/v2\/posts\/6218\/revisions\/6234"}],"wp:featuredmedia":[{"embeddable":true,"href":"https:\/\/www.pensiericroccanti.it\/index.php\/wp-json\/wp\/v2\/media\/6224"}],"wp:attachment":[{"href":"https:\/\/www.pensiericroccanti.it\/index.php\/wp-json\/wp\/v2\/media?parent=6218"}],"wp:term":[{"taxonomy":"category","embeddable":true,"href":"https:\/\/www.pensiericroccanti.it\/index.php\/wp-json\/wp\/v2\/categories?post=6218"},{"taxonomy":"post_tag","embeddable":true,"href":"https:\/\/www.pensiericroccanti.it\/index.php\/wp-json\/wp\/v2\/tags?post=6218"}],"curies":[{"name":"wp","href":"https:\/\/api.w.org\/{rel}","templated":true}]}}