{"id":6143,"date":"2022-04-07T10:00:17","date_gmt":"2022-04-07T08:00:17","guid":{"rendered":"https:\/\/www.pensiericroccanti.it\/?p=6143"},"modified":"2022-04-07T10:00:20","modified_gmt":"2022-04-07T08:00:20","slug":"la-spesa-di-aprile","status":"publish","type":"post","link":"https:\/\/www.pensiericroccanti.it\/index.php\/2022\/04\/07\/la-spesa-di-aprile\/","title":{"rendered":"LA SPESA DI APRILE"},"content":{"rendered":"\n<h5 class=\"has-text-align-center has-black-color has-text-color has-background wp-block-heading\" id=\"comprare-prodotti-di-stagione-perche-e-importante-a-cura-di-emanuele-perati\" style=\"background-color:#fff000\">LA SPESA DI APRILE : Curiosit\u00e0 e consigli utili sui prodotti di stagione del mese a cura di <span style=\"text-decoration: underline;\" class=\"underline\">Emanuele Perati<\/span><\/h5>\n\n\n\n<p class=\"has-text-align-justify has-black-color has-white-background-color has-text-color has-background\">LA SPESA DI APRILE : Con l\u2019arrivo di aprile possiamo considerare ufficialmente iniziata la primavera gastronomica. Le prime giornate veramente calde ci fanno riscoprire il piacere dei piatti freschi, dopo tanti mesi passati a confortarci con zuppe e pietanze fumanti. I banchi dei mercati tornano a colorarsi di verde con tante primizie come asparagi, piselli e fave. La disponibilit\u00e0 di frutta aumenta con l\u2019arrivo di fragole e nespole. Ormai \u00e8 questione di poco tempo, e con l\u2019estate avremo finalmente l\u2019imbarazzo della scelta nel consumare frutta e verdura di stagione. Ma ogni cosa a suo tempo; gi\u00e0 ora, la natura ci offre tanti prodotti di stagione preziosi per la nostra salute e per le nostre ricette. Vediamone insieme alcuni.<\/p>\n\n\n\n<h5 class=\"has-text-align-center has-white-color has-black-background-color has-text-color has-background wp-block-heading\" id=\"ecco-perche-soprattutto-se-ami-la-cucina-dovresti-smettere-subito-di-comprare-prodotti-fuori-stagione\">Fave<\/h5>\n\n\n\n<p class=\"has-text-align-justify has-black-color has-text-color has-background\" style=\"background-color:#fff000\">Nel carrello della spesa di aprile, non possono mancare le fave. Questi legumi primaverili, insieme ai piselli, sono gli unici che possono essere consumati anche crudi, specialmente se molto freschi. \u00c8 celebre, ad esempio, l\u2019abbinamento tra fave crude e pecorino. Consumarle crude \u00e8 anche l\u2019unico modo per assimilarne tutte le vitamine e i sali minerali, che in buona parte si deteriorano con la cottura. Le fave, inoltre, sono protagoniste di tante ricette tradizionali del centro-sud Italia, come i <a href=\"https:\/\/www.pensiericroccanti.it\/index.php\/2021\/03\/18\/granetti-con-le-fave\/\">granetti con le fave<\/a> abruzzesi e il macco di fave siciliano. Da sempre legate alla cultura contadina e alla cucina povera, sono oggi molto diffuse anche nelle diete vegetariane grazie al loro discreto apporto di proteine di buona qualit\u00e0. Infine, cosa sempre pi\u00f9 importante, la coltivazione delle fave \u00e8 particolarmente sostenibile; la pianta, infatti, dona raccolti piuttosto generosi, a fronte di un consumo ridotto di suolo e di acqua.<\/p>\n\n\n\n<div style=\"height:10px\" aria-hidden=\"true\" class=\"wp-block-spacer\"><\/div>\n\n\n<div class=\"wp-block-image\">\n<figure class=\"aligncenter size-large\"><img decoding=\"async\" src=\"data:image\/gif;base64,R0lGODlhAQABAAAAACH5BAEKAAEALAAAAAABAAEAAAICTAEAOw==\" data-layzr=\"https:\/\/www.pensiericroccanti.it\/wp-content\/uploads\/2022\/04\/spesa-2-1024x768.jpg\" alt=\"LA SPESA DI APRILE\" class=\"wp-image-6144\" title=\"\"><\/figure>\n<\/div>\n\n\n<div style=\"height:10px\" aria-hidden=\"true\" class=\"wp-block-spacer\"><\/div>\n\n\n\n<h5 class=\"has-text-align-center has-white-color has-black-background-color has-text-color has-background wp-block-heading\"><strong>Piselli<\/strong><\/h5>\n\n\n\n<p class=\"has-text-align-justify has-black-color has-white-background-color has-text-color has-background\">Oramai siamo abituati ad acquistarli quasi sempre surgelati. Dopotutto, il sapore e le propriet\u00e0 nutritive si mantengono bene e sono gi\u00e0 pronti all\u2019uso. I piselli freschi, per\u00f2, sono un\u2019altra cosa. Certo, richiedono tempo per essere estratti dai baccelli uno ad uno, ma il sapore pi\u00f9 intenso e genuino di questa primizia vale tutto lo sforzo. Accertatevi sempre che i baccelli siano turgidi e dal colore verde brillante per portare a casa un prodotto fresco. Dopo averli sgranati e lavati potete usarli in tanti modi; lessarli brevemente e passarli in acqua e ghiaccio \u00e8 sempre consigliato per salvaguardare colore e croccantezza. Io, solitamente, dopo questo passaggio, li frullo con un po\u2019 d\u2019acqua di cottura per creare una crema che, una volta filtrata, \u00e8 una base perfetta per vellutate o sformati. Il bello di questi legumi \u00e8 che accompagnano alla grande tanto i piatti di terra quanto i piatti di mare; pensate allo spezzatino o alle seppie coi piselli. Se non avete mai provato ad abbinarli coi gamberi, poi, fareste meglio a rimediare subito. Date un\u2019occhiata a questa <a href=\"https:\/\/www.pensiericroccanti.it\/index.php\/2019\/02\/23\/gnocchetti-di-ricotta-e-menta-con-gamberi-piselli-e-pistacchi\/\">ricetta<\/a>. E mi raccomando non buttate i baccelli. Sono assolutamente commestibili e si possono usare anch\u2019essi per vellutate, sformati, o per un semplice brodo con cui cuocere un risotto.<\/p>\n\n\n<div class=\"wp-block-image\">\n<figure class=\"aligncenter size-large\"><img decoding=\"async\" src=\"data:image\/gif;base64,R0lGODlhAQABAAAAACH5BAEKAAEALAAAAAABAAEAAAICTAEAOw==\" data-layzr=\"https:\/\/www.pensiericroccanti.it\/wp-content\/uploads\/2022\/04\/spesa-3-1024x683.jpg\" alt=\"\" class=\"wp-image-6145\" title=\"\"><\/figure>\n<\/div>\n\n\n<h5 class=\"has-text-align-center has-white-color has-black-background-color has-text-color has-background wp-block-heading\"><strong>Agretti<\/strong><\/h5>\n\n\n\n<p class=\"has-text-align-justify has-black-color has-text-color has-background\" style=\"background-color:#fff000\">Ad aprile spuntano anche gli agretti o barba di frate. Non molto diffusi, si presentano in mazzi simili all\u2019<a href=\"https:\/\/it.wikipedia.org\/wiki\/Allium_schoenoprasum\" target=\"_blank\" rel=\"noopener\">erba cipollina<\/a>, dal colore verde brillante. Solitamente si consumano come contorno, dopo averli bolliti o cotti al vapore, ma si possono usare anche nella preparazione di primi piatti, frittate e torte salate<\/p>\n\n\n<div class=\"wp-block-image\">\n<figure class=\"aligncenter size-large\"><img decoding=\"async\" src=\"data:image\/gif;base64,R0lGODlhAQABAAAAACH5BAEKAAEALAAAAAABAAEAAAICTAEAOw==\" data-layzr=\"https:\/\/www.pensiericroccanti.it\/wp-content\/uploads\/2022\/04\/spesa-4-1024x683.jpg\" alt=\"\" class=\"wp-image-6146\" title=\"\"><\/figure>\n<\/div>\n\n\n<p class=\"has-text-align-justify has-black-color has-text-color has-background\" style=\"background-color:#fff000\">A me piace ripassarli in padella con aglio e olio, un po\u2019 come si fa con la cicoria. Gli agretti non avranno il fascino e la versatilit\u00e0 di piselli o asparagi, ma hanno un ottimo sapore, leggermente acidulo, e sono ricchi di benefici. Hanno propriet\u00e0 depurative, un buon contenuto di fibre e apportano tanti sali minerali. Variare il pi\u00f9 possibile gli alimenti della nostra dieta \u00e8 sempre molto importante. Se non li avete mai provati, dategli una chance.<\/p>\n\n\n\n<h5 class=\"has-text-align-center has-white-color has-black-background-color has-text-color has-background wp-block-heading\"><strong>AranFragole<\/strong><\/h5>\n\n\n\n<p class=\"has-text-align-justify has-black-color has-white-background-color has-text-color has-background\">Buonissime, versatili e preziose alleate del nostro organismo, ritrovarle ogni primavera \u00e8 sempre un piacere. Grazie alla variabilit\u00e0 climatica del nostro paese e alla coltivazione in serra, ormai \u00e8 possibile trovare fragole italiane quasi tutto l\u2019anno. Tuttavia, \u00e8 nel periodo che va da aprile a luglio che troviamo le fragole migliori, pi\u00f9 dolci e saporite. Se state cercando di rimettervi in forma in vista dell\u2019estate, le fragole nella dieta sono perfette<\/p>\n\n\n<div class=\"wp-block-image\">\n<figure class=\"aligncenter size-large\"><img decoding=\"async\" src=\"data:image\/gif;base64,R0lGODlhAQABAAAAACH5BAEKAAEALAAAAAABAAEAAAICTAEAOw==\" data-layzr=\"https:\/\/www.pensiericroccanti.it\/wp-content\/uploads\/2022\/04\/spesa-5-1024x684.jpg\" alt=\"\" class=\"wp-image-6147\" title=\"\"><\/figure>\n<\/div>\n\n\n<p class=\"has-text-align-justify has-black-color has-white-background-color has-text-color has-background\">Sono ipocaloriche e ricche di sostanze antiossidanti, come Vitamina C e flavonoidi, che stimolano il metabolismo, riducono l\u2019appetito e aiutano a tenere sotto controllo i livelli di zucchero nel sangue. Con un po\u2019 di limone e zucchero, sono ideali per colazione o per lo spuntino spezza fame di met\u00e0 mattina. Inoltre, si prestano per un sacco di preparazioni: gelati, confetture, dessert, ma anche risotti o salse. A proposito di dessert, avete provato la nostra ricetta del <a href=\"https:\/\/www.pensiericroccanti.it\/index.php\/2019\/04\/11\/tiramisu-alle-fragole\/\">tiramis\u00f9 alle fragole<\/a>? \u00c8 un\u2019alternativa al classico tiramis\u00f9, pi\u00f9 fresca, ma altrettanto deliziosa. Tanto la dieta comincia luned\u00ec, vero?<\/p>\n\n\n\n<hr class=\"wp-block-separator has-css-opacity\"\/>\n\n\n\n<div class=\"wp-block-group\"><div class=\"wp-block-group__inner-container is-layout-flow wp-block-group-is-layout-flow\">\n<div class=\"wp-block-columns is-layout-flex wp-container-core-columns-is-layout-9d6595d7 wp-block-columns-is-layout-flex\">\n<div class=\"wp-block-column is-layout-flow wp-block-column-is-layout-flow\" style=\"flex-basis:100%\">\n<div class=\"wp-block-group\"><div class=\"wp-block-group__inner-container is-layout-flow wp-block-group-is-layout-flow\">\n<div class=\"wp-block-columns is-layout-flex wp-container-core-columns-is-layout-9d6595d7 wp-block-columns-is-layout-flex\">\n<div class=\"wp-block-column is-layout-flow wp-block-column-is-layout-flow\" style=\"flex-basis:100%\">\n<div class=\"wp-block-columns is-layout-flex wp-container-core-columns-is-layout-9d6595d7 wp-block-columns-is-layout-flex\">\n<div class=\"wp-block-column is-layout-flow wp-block-column-is-layout-flow\">\n<div class=\"wp-block-image\"><figure class=\"aligncenter size-full is-resized\"><img loading=\"lazy\" decoding=\"async\" src=\"data:image\/gif;base64,R0lGODlhAQABAAAAACH5BAEKAAEALAAAAAABAAEAAAICTAEAOw==\" data-layzr=\"https:\/\/www.pensiericroccanti.it\/wp-content\/uploads\/2022\/02\/emanule-perati-2.jpg\" alt=\"emanuele perati\" class=\"wp-image-5189\" width=\"244\" height=\"304\" title=\"\"><figcaption>Emanuele Perati<\/figcaption><\/figure><\/div>\n<\/div>\n\n\n\n<div class=\"wp-block-column is-vertically-aligned-center is-layout-flow wp-block-column-is-layout-flow\">\n<p class=\"has-text-align-justify has-small-font-size\">29 anni, nato a Modena. Cresciuto a Lambrusco e grassi saturi, appassionato di cucina da sempre, perch\u00e9 da queste parti far da mangiare \u00e8 una roba seria. Una laurea in Marketing, un Master in Valorizzazione delle tipicit\u00e0 enogastronomiche, artigiano a tempo pieno e cameriere occasionale. Frequentatore professionista di osterie, cuoco amatoriale a tratti eccellente e a tratti disastroso, aspirante sommelier. Per me la cucina \u00e8 soprattutto arte, l\u2019unica capace di appagare tutti e cinque i nostri sensi. Scrivo di tutto ci\u00f2 che sta sopra, sotto o intorno a una tavola, tecniche, curiosit\u00e0 da gustare e molto altro. Sogno di partire alla scoperta di sapori e profumi lontani e di vivere raccontandoli a chi, come me, se non sta mangiando sta probabilmente pensando a cosa mangiare.<\/p>\n\n\n\n<p class=\"has-small-font-size\"><a href=\"mailto:lele.perati@gmail.com\">lele.perati@gmail.com<\/a><\/p>\n\n\n\n<p class=\"has-text-align-justify has-small-font-size\"> <\/p>\n<\/div>\n<\/div>\n<\/div>\n<\/div>\n<\/div><\/div>\n<\/div>\n<\/div>\n<\/div><\/div>\n\n\n<p class=\"aligncenter is-style-outline wp-block-tag-cloud\"><a href=\"https:\/\/www.pensiericroccanti.it\/index.php\/tag\/abruzzo\/\" class=\"tag-cloud-link tag-link-234 tag-link-position-1\" style=\"font-size: 9.8666666666667pt;\" aria-label=\"ABRUZZO (7 elementi)\">ABRUZZO<\/a>\n<a href=\"https:\/\/www.pensiericroccanti.it\/index.php\/tag\/aifi\/\" class=\"tag-cloud-link tag-link-2030 tag-link-position-2\" style=\"font-size: 10.644444444444pt;\" aria-label=\"aifi (8 elementi)\">aifi<\/a>\n<a href=\"https:\/\/www.pensiericroccanti.it\/index.php\/tag\/albumi\/\" class=\"tag-cloud-link tag-link-401 tag-link-position-3\" style=\"font-size: 10.644444444444pt;\" aria-label=\"albumi (8 elementi)\">albumi<\/a>\n<a href=\"https:\/\/www.pensiericroccanti.it\/index.php\/tag\/avena\/\" class=\"tag-cloud-link tag-link-18 tag-link-position-4\" style=\"font-size: 13.133333333333pt;\" aria-label=\"AVENA (12 elementi)\">AVENA<\/a>\n<a href=\"https:\/\/www.pensiericroccanti.it\/index.php\/tag\/basilico\/\" class=\"tag-cloud-link tag-link-496 tag-link-position-5\" style=\"font-size: 8pt;\" aria-label=\"BASILICO (5 elementi)\">BASILICO<\/a>\n<a href=\"https:\/\/www.pensiericroccanti.it\/index.php\/tag\/caramello\/\" class=\"tag-cloud-link tag-link-313 tag-link-position-6\" style=\"font-size: 8pt;\" aria-label=\"caramello (5 elementi)\">caramello<\/a>\n<a href=\"https:\/\/www.pensiericroccanti.it\/index.php\/tag\/cavolo-viola\/\" class=\"tag-cloud-link tag-link-492 tag-link-position-7\" style=\"font-size: 8pt;\" aria-label=\"CAVOLO VIOLA (5 elementi)\">CAVOLO VIOLA<\/a>\n<a href=\"https:\/\/www.pensiericroccanti.it\/index.php\/tag\/cheesecake\/\" class=\"tag-cloud-link tag-link-216 tag-link-position-8\" style=\"font-size: 8pt;\" aria-label=\"cheesecake (5 elementi)\">cheesecake<\/a>\n<a href=\"https:\/\/www.pensiericroccanti.it\/index.php\/tag\/cioccolato\/\" class=\"tag-cloud-link tag-link-73 tag-link-position-9\" style=\"font-size: 20.288888888889pt;\" aria-label=\"CIOCCOLATO (36 elementi)\">CIOCCOLATO<\/a>\n<a href=\"https:\/\/www.pensiericroccanti.it\/index.php\/tag\/cioccolato-bianco\/\" class=\"tag-cloud-link tag-link-278 tag-link-position-10\" style=\"font-size: 9.8666666666667pt;\" aria-label=\"cioccolato bianco (7 elementi)\">cioccolato bianco<\/a>\n<a href=\"https:\/\/www.pensiericroccanti.it\/index.php\/tag\/clafoutis\/\" class=\"tag-cloud-link tag-link-147 tag-link-position-11\" style=\"font-size: 8pt;\" aria-label=\"clafoutis (5 elementi)\">clafoutis<\/a>\n<a href=\"https:\/\/www.pensiericroccanti.it\/index.php\/tag\/cocco\/\" class=\"tag-cloud-link tag-link-152 tag-link-position-12\" style=\"font-size: 8pt;\" aria-label=\"cocco (5 elementi)\">cocco<\/a>\n<a href=\"https:\/\/www.pensiericroccanti.it\/index.php\/tag\/colazione-fit\/\" class=\"tag-cloud-link tag-link-250 tag-link-position-13\" style=\"font-size: 14.533333333333pt;\" aria-label=\"COLAZIONE FIT (15 elementi)\">COLAZIONE FIT<\/a>\n<a href=\"https:\/\/www.pensiericroccanti.it\/index.php\/tag\/colazione-light\/\" class=\"tag-cloud-link tag-link-398 tag-link-position-14\" style=\"font-size: 9.0888888888889pt;\" aria-label=\"colazione light (6 elementi)\">colazione light<\/a>\n<a href=\"https:\/\/www.pensiericroccanti.it\/index.php\/tag\/dolce-gluten-free\/\" class=\"tag-cloud-link tag-link-468 tag-link-position-15\" style=\"font-size: 20.755555555556pt;\" aria-label=\"dolce gluten free (39 elementi)\">dolce gluten free<\/a>\n<a href=\"https:\/\/www.pensiericroccanti.it\/index.php\/tag\/emanuele-perati\/\" class=\"tag-cloud-link tag-link-1896 tag-link-position-16\" style=\"font-size: 13.133333333333pt;\" aria-label=\"emanuele perati (12 elementi)\">emanuele perati<\/a>\n<a href=\"https:\/\/www.pensiericroccanti.it\/index.php\/tag\/gluten-free\/\" class=\"tag-cloud-link tag-link-300 tag-link-position-17\" style=\"font-size: 22pt;\" aria-label=\"gluten free (47 elementi)\">gluten free<\/a>\n<a href=\"https:\/\/www.pensiericroccanti.it\/index.php\/tag\/imprentas\/\" class=\"tag-cloud-link tag-link-1942 tag-link-position-18\" style=\"font-size: 13.133333333333pt;\" aria-label=\"imprentas (12 elementi)\">imprentas<\/a>\n<a href=\"https:\/\/www.pensiericroccanti.it\/index.php\/tag\/limone\/\" class=\"tag-cloud-link tag-link-932 tag-link-position-19\" style=\"font-size: 8pt;\" aria-label=\"LIMONE (5 elementi)\">LIMONE<\/a>\n<a href=\"https:\/\/www.pensiericroccanti.it\/index.php\/tag\/mandorle\/\" class=\"tag-cloud-link tag-link-508 tag-link-position-20\" style=\"font-size: 13.755555555556pt;\" aria-label=\"MANDORLE (13 elementi)\">MANDORLE<\/a>\n<a href=\"https:\/\/www.pensiericroccanti.it\/index.php\/tag\/milani\/\" class=\"tag-cloud-link tag-link-144 tag-link-position-21\" style=\"font-size: 9.8666666666667pt;\" aria-label=\"milani (7 elementi)\">milani<\/a>\n<a href=\"https:\/\/www.pensiericroccanti.it\/index.php\/tag\/milani-frutta-secca\/\" class=\"tag-cloud-link tag-link-145 tag-link-position-22\" style=\"font-size: 9.0888888888889pt;\" aria-label=\"milani frutta secca (6 elementi)\">milani frutta secca<\/a>\n<a href=\"https:\/\/www.pensiericroccanti.it\/index.php\/tag\/nutella\/\" class=\"tag-cloud-link tag-link-168 tag-link-position-23\" style=\"font-size: 9.8666666666667pt;\" aria-label=\"NUTELLA (7 elementi)\">NUTELLA<\/a>\n<a href=\"https:\/\/www.pensiericroccanti.it\/index.php\/tag\/pancakes\/\" class=\"tag-cloud-link tag-link-294 tag-link-position-24\" style=\"font-size: 10.644444444444pt;\" aria-label=\"pancakes (8 elementi)\">pancakes<\/a>\n<a href=\"https:\/\/www.pensiericroccanti.it\/index.php\/tag\/pensieri-croccanti\/\" class=\"tag-cloud-link tag-link-1053 tag-link-position-25\" style=\"font-size: 19.822222222222pt;\" aria-label=\"pensieri croccanti (34 elementi)\">pensieri croccanti<\/a>\n<a href=\"https:\/\/www.pensiericroccanti.it\/index.php\/tag\/pepe\/\" class=\"tag-cloud-link tag-link-627 tag-link-position-26\" style=\"font-size: 9.0888888888889pt;\" aria-label=\"pepe (6 elementi)\">pepe<\/a>\n<a href=\"https:\/\/www.pensiericroccanti.it\/index.php\/tag\/pistacchi\/\" class=\"tag-cloud-link tag-link-1100 tag-link-position-27\" style=\"font-size: 8pt;\" aria-label=\"pistacchi (5 elementi)\">pistacchi<\/a>\n<a href=\"https:\/\/www.pensiericroccanti.it\/index.php\/tag\/pizza\/\" class=\"tag-cloud-link tag-link-1033 tag-link-position-28\" style=\"font-size: 8pt;\" aria-label=\"pizza (5 elementi)\">pizza<\/a>\n<a href=\"https:\/\/www.pensiericroccanti.it\/index.php\/tag\/porridge\/\" class=\"tag-cloud-link tag-link-247 tag-link-position-29\" style=\"font-size: 10.644444444444pt;\" aria-label=\"PORRIDGE (8 elementi)\">PORRIDGE<\/a>\n<a href=\"https:\/\/www.pensiericroccanti.it\/index.php\/tag\/porridge-avena\/\" class=\"tag-cloud-link tag-link-568 tag-link-position-30\" style=\"font-size: 8pt;\" aria-label=\"porridge avena (5 elementi)\">porridge avena<\/a>\n<a href=\"https:\/\/www.pensiericroccanti.it\/index.php\/tag\/ricetta\/\" class=\"tag-cloud-link tag-link-1035 tag-link-position-31\" style=\"font-size: 8pt;\" aria-label=\"ricetta (5 elementi)\">ricetta<\/a>\n<a href=\"https:\/\/www.pensiericroccanti.it\/index.php\/tag\/ricetta-abruzzese\/\" class=\"tag-cloud-link tag-link-1312 tag-link-position-32\" style=\"font-size: 9.8666666666667pt;\" aria-label=\"ricetta abruzzese (7 elementi)\">ricetta abruzzese<\/a>\n<a href=\"https:\/\/www.pensiericroccanti.it\/index.php\/tag\/ricetta-facile\/\" class=\"tag-cloud-link tag-link-289 tag-link-position-33\" style=\"font-size: 8pt;\" aria-label=\"RICETTA FACILE (5 elementi)\">RICETTA FACILE<\/a>\n<a href=\"https:\/\/www.pensiericroccanti.it\/index.php\/tag\/ricetta-giappone\/\" class=\"tag-cloud-link tag-link-612 tag-link-position-34\" style=\"font-size: 8pt;\" aria-label=\"RICETTA GIAPPONE (5 elementi)\">RICETTA GIAPPONE<\/a>\n<a href=\"https:\/\/www.pensiericroccanti.it\/index.php\/tag\/ricetta-giapponese\/\" class=\"tag-cloud-link tag-link-611 tag-link-position-35\" style=\"font-size: 8pt;\" aria-label=\"RICETTA GIAPPONESE (5 elementi)\">RICETTA GIAPPONESE<\/a>\n<a href=\"https:\/\/www.pensiericroccanti.it\/index.php\/tag\/ricette-abruzzesi\/\" class=\"tag-cloud-link tag-link-233 tag-link-position-36\" style=\"font-size: 12.666666666667pt;\" aria-label=\"RICETTE ABRUZZESI (11 elementi)\">RICETTE ABRUZZESI<\/a>\n<a href=\"https:\/\/www.pensiericroccanti.it\/index.php\/tag\/ricette-senza-glutine\/\" class=\"tag-cloud-link tag-link-255 tag-link-position-37\" style=\"font-size: 21.222222222222pt;\" aria-label=\"RICETTE SENZA GLUTINE (42 elementi)\">RICETTE SENZA GLUTINE<\/a>\n<a href=\"https:\/\/www.pensiericroccanti.it\/index.php\/tag\/ricotta\/\" class=\"tag-cloud-link tag-link-183 tag-link-position-38\" style=\"font-size: 10.644444444444pt;\" aria-label=\"RICOTTA (8 elementi)\">RICOTTA<\/a>\n<a href=\"https:\/\/www.pensiericroccanti.it\/index.php\/tag\/risotto\/\" class=\"tag-cloud-link tag-link-126 tag-link-position-39\" style=\"font-size: 10.644444444444pt;\" aria-label=\"RISOTTO (8 elementi)\">RISOTTO<\/a>\n<a href=\"https:\/\/www.pensiericroccanti.it\/index.php\/tag\/rum\/\" class=\"tag-cloud-link tag-link-955 tag-link-position-40\" style=\"font-size: 8pt;\" aria-label=\"rum (5 elementi)\">rum<\/a>\n<a href=\"https:\/\/www.pensiericroccanti.it\/index.php\/tag\/salumi-minozzi\/\" class=\"tag-cloud-link tag-link-119 tag-link-position-41\" style=\"font-size: 8pt;\" aria-label=\"SALUMI MINOZZI (5 elementi)\">SALUMI MINOZZI<\/a>\n<a href=\"https:\/\/www.pensiericroccanti.it\/index.php\/tag\/scuppoz\/\" class=\"tag-cloud-link tag-link-545 tag-link-position-42\" style=\"font-size: 10.644444444444pt;\" aria-label=\"scuppoz (8 elementi)\">scuppoz<\/a>\n<a href=\"https:\/\/www.pensiericroccanti.it\/index.php\/tag\/senza-glutine\/\" class=\"tag-cloud-link tag-link-23 tag-link-position-43\" style=\"font-size: 21.844444444444pt;\" aria-label=\"SENZA GLUTINE (46 elementi)\">SENZA GLUTINE<\/a>\n<a href=\"https:\/\/www.pensiericroccanti.it\/index.php\/tag\/spaghetti\/\" class=\"tag-cloud-link tag-link-165 tag-link-position-44\" style=\"font-size: 11.422222222222pt;\" aria-label=\"SPAGHETTI (9 elementi)\">SPAGHETTI<\/a>\n<a href=\"https:\/\/www.pensiericroccanti.it\/index.php\/tag\/waffles\/\" class=\"tag-cloud-link tag-link-430 tag-link-position-45\" style=\"font-size: 9.8666666666667pt;\" aria-label=\"waffles (7 elementi)\">waffles<\/a><\/p>","protected":false},"excerpt":{"rendered":"<p>LA SPESA DI APRILE : Curiosit\u00e0 e consigli utili sui prodotti di stagione del mese a cura di Emanuele Perati LA SPESA DI APRILE : Con l\u2019arrivo di aprile possiamo considerare ufficialmente iniziata la primavera gastronomica. Le prime giornate veramente calde ci fanno riscoprire il piacere dei piatti freschi, dopo tanti mesi passati a confortarci con zuppe e pietanze fumanti. &hellip; <\/p>\n","protected":false},"author":1,"featured_media":5600,"comment_status":"open","ping_status":"open","sticky":false,"template":"","format":"standard","meta":{"_eb_attr":"","_uag_custom_page_level_css":"","_jetpack_memberships_contains_paid_content":false,"footnotes":""},"categories":[1883],"tags":[1919,1896,1931,1053,1932],"class_list":["post-6143","post","type-post","status-publish","format-standard","has-post-thumbnail","hentry","category-giornale-del-food","tag-comprare-alimenti","tag-emanuele-perati","tag-la-spesa-di-marzo","tag-pensieri-croccanti","tag-prodotti-di-stagione","latest_post"],"jetpack_featured_media_url":"https:\/\/i0.wp.com\/www.pensiericroccanti.it\/wp-content\/uploads\/2022\/03\/la-spesa-di-marzo.jpg?fit=1472%2C982&ssl=1","uagb_featured_image_src":{"full":["https:\/\/i0.wp.com\/www.pensiericroccanti.it\/wp-content\/uploads\/2022\/03\/la-spesa-di-marzo.jpg?fit=1472%2C982&ssl=1",1472,982,false],"thumbnail":["https:\/\/i0.wp.com\/www.pensiericroccanti.it\/wp-content\/uploads\/2022\/03\/la-spesa-di-marzo.jpg?resize=150%2C150&ssl=1",150,150,true],"medium":["https:\/\/i0.wp.com\/www.pensiericroccanti.it\/wp-content\/uploads\/2022\/03\/la-spesa-di-marzo.jpg?fit=300%2C200&ssl=1",300,200,true],"medium_large":["https:\/\/i0.wp.com\/www.pensiericroccanti.it\/wp-content\/uploads\/2022\/03\/la-spesa-di-marzo.jpg?fit=768%2C512&ssl=1",768,512,true],"large":["https:\/\/i0.wp.com\/www.pensiericroccanti.it\/wp-content\/uploads\/2022\/03\/la-spesa-di-marzo.jpg?fit=925%2C617&ssl=1",925,617,true],"post-slider-thumb-size":["https:\/\/i0.wp.com\/www.pensiericroccanti.it\/wp-content\/uploads\/2022\/03\/la-spesa-di-marzo.jpg?resize=330%2C190&ssl=1",330,190,true],"post-category-slider-size":["https:\/\/i0.wp.com\/www.pensiericroccanti.it\/wp-content\/uploads\/2022\/03\/la-spesa-di-marzo.jpg?resize=330%2C350&ssl=1",330,350,true],"1536x1536":["https:\/\/i0.wp.com\/www.pensiericroccanti.it\/wp-content\/uploads\/2022\/03\/la-spesa-di-marzo.jpg?fit=1472%2C982&ssl=1",1472,982,true],"2048x2048":["https:\/\/i0.wp.com\/www.pensiericroccanti.it\/wp-content\/uploads\/2022\/03\/la-spesa-di-marzo.jpg?fit=1472%2C982&ssl=1",1472,982,true],"blossom-fashion-slider":["https:\/\/i0.wp.com\/www.pensiericroccanti.it\/wp-content\/uploads\/2022\/03\/la-spesa-di-marzo.jpg?resize=1472%2C760&ssl=1",1472,760,true],"blossom-fashion-slider-six":["https:\/\/i0.wp.com\/www.pensiericroccanti.it\/wp-content\/uploads\/2022\/03\/la-spesa-di-marzo.jpg?resize=430%2C600&ssl=1",430,600,true],"blossom-fashion-featured":["https:\/\/i0.wp.com\/www.pensiericroccanti.it\/wp-content\/uploads\/2022\/03\/la-spesa-di-marzo.jpg?resize=400%2C230&ssl=1",400,230,true],"blossom-fashion-with-sidebar":["https:\/\/i0.wp.com\/www.pensiericroccanti.it\/wp-content\/uploads\/2022\/03\/la-spesa-di-marzo.jpg?resize=925%2C540&ssl=1",925,540,true],"blossom-fashion-fullwidth":["https:\/\/i0.wp.com\/www.pensiericroccanti.it\/wp-content\/uploads\/2022\/03\/la-spesa-di-marzo.jpg?resize=1320%2C540&ssl=1",1320,540,true],"blossom-fashion-blog-home":["https:\/\/i0.wp.com\/www.pensiericroccanti.it\/wp-content\/uploads\/2022\/03\/la-spesa-di-marzo.jpg?resize=435%2C332&ssl=1",435,332,true],"blossom-fashion-blog-four":["https:\/\/i0.wp.com\/www.pensiericroccanti.it\/wp-content\/uploads\/2022\/03\/la-spesa-di-marzo.jpg?resize=410%2C350&ssl=1",410,350,true],"blossom-fashion-blog-five":["https:\/\/i0.wp.com\/www.pensiericroccanti.it\/wp-content\/uploads\/2022\/03\/la-spesa-di-marzo.jpg?resize=410%2C570&ssl=1",410,570,true],"blossom-fashion-blog-archive":["https:\/\/i0.wp.com\/www.pensiericroccanti.it\/wp-content\/uploads\/2022\/03\/la-spesa-di-marzo.jpg?resize=330%2C255&ssl=1",330,255,true],"blossom-fashion-related":["https:\/\/i0.wp.com\/www.pensiericroccanti.it\/wp-content\/uploads\/2022\/03\/la-spesa-di-marzo.jpg?resize=300%2C232&ssl=1",300,232,true],"blossom-fashion-popular":["https:\/\/i0.wp.com\/www.pensiericroccanti.it\/wp-content\/uploads\/2022\/03\/la-spesa-di-marzo.jpg?resize=280%2C215&ssl=1",280,215,true],"blossom-fashion-shop":["https:\/\/i0.wp.com\/www.pensiericroccanti.it\/wp-content\/uploads\/2022\/03\/la-spesa-di-marzo.jpg?resize=293%2C400&ssl=1",293,400,true],"blossom-fashion-schema":["https:\/\/i0.wp.com\/www.pensiericroccanti.it\/wp-content\/uploads\/2022\/03\/la-spesa-di-marzo.jpg?fit=90%2C60&ssl=1",90,60,true],"woocommerce_thumbnail":["https:\/\/i0.wp.com\/www.pensiericroccanti.it\/wp-content\/uploads\/2022\/03\/la-spesa-di-marzo.jpg?resize=300%2C300&ssl=1",300,300,true],"woocommerce_single":["https:\/\/i0.wp.com\/www.pensiericroccanti.it\/wp-content\/uploads\/2022\/03\/la-spesa-di-marzo.jpg?fit=600%2C400&ssl=1",600,400,true],"woocommerce_gallery_thumbnail":["https:\/\/i0.wp.com\/www.pensiericroccanti.it\/wp-content\/uploads\/2022\/03\/la-spesa-di-marzo.jpg?resize=300%2C300&ssl=1",300,300,true]},"uagb_author_info":{"display_name":"pensieri croccanti","author_link":"https:\/\/www.pensiericroccanti.it\/index.php\/author\/admin2991\/"},"uagb_comment_info":0,"uagb_excerpt":"LA SPESA DI APRILE : Curiosit\u00e0 e consigli utili sui prodotti di stagione del mese a cura di Emanuele Perati LA SPESA DI APRILE : Con l\u2019arrivo di aprile possiamo considerare ufficialmente iniziata la primavera gastronomica. Le prime giornate veramente calde ci fanno riscoprire il piacere dei piatti freschi, dopo tanti mesi passati a confortarci&hellip;","jetpack_sharing_enabled":true,"jetpack-related-posts":[],"jetpack_likes_enabled":false,"_links":{"self":[{"href":"https:\/\/www.pensiericroccanti.it\/index.php\/wp-json\/wp\/v2\/posts\/6143","targetHints":{"allow":["GET"]}}],"collection":[{"href":"https:\/\/www.pensiericroccanti.it\/index.php\/wp-json\/wp\/v2\/posts"}],"about":[{"href":"https:\/\/www.pensiericroccanti.it\/index.php\/wp-json\/wp\/v2\/types\/post"}],"author":[{"embeddable":true,"href":"https:\/\/www.pensiericroccanti.it\/index.php\/wp-json\/wp\/v2\/users\/1"}],"replies":[{"embeddable":true,"href":"https:\/\/www.pensiericroccanti.it\/index.php\/wp-json\/wp\/v2\/comments?post=6143"}],"version-history":[{"count":1,"href":"https:\/\/www.pensiericroccanti.it\/index.php\/wp-json\/wp\/v2\/posts\/6143\/revisions"}],"predecessor-version":[{"id":6148,"href":"https:\/\/www.pensiericroccanti.it\/index.php\/wp-json\/wp\/v2\/posts\/6143\/revisions\/6148"}],"wp:featuredmedia":[{"embeddable":true,"href":"https:\/\/www.pensiericroccanti.it\/index.php\/wp-json\/wp\/v2\/media\/5600"}],"wp:attachment":[{"href":"https:\/\/www.pensiericroccanti.it\/index.php\/wp-json\/wp\/v2\/media?parent=6143"}],"wp:term":[{"taxonomy":"category","embeddable":true,"href":"https:\/\/www.pensiericroccanti.it\/index.php\/wp-json\/wp\/v2\/categories?post=6143"},{"taxonomy":"post_tag","embeddable":true,"href":"https:\/\/www.pensiericroccanti.it\/index.php\/wp-json\/wp\/v2\/tags?post=6143"}],"curies":[{"name":"wp","href":"https:\/\/api.w.org\/{rel}","templated":true}]}}