{"id":5593,"date":"2022-03-04T10:20:26","date_gmt":"2022-03-04T09:20:26","guid":{"rendered":"https:\/\/www.pensiericroccanti.it\/?p=5593"},"modified":"2022-03-04T10:20:30","modified_gmt":"2022-03-04T09:20:30","slug":"la-spesa-di-marzo","status":"publish","type":"post","link":"https:\/\/www.pensiericroccanti.it\/index.php\/2022\/03\/04\/la-spesa-di-marzo\/","title":{"rendered":"LA SPESA DI MARZO"},"content":{"rendered":"\n<h5 class=\"has-text-align-center has-black-color has-text-color has-background wp-block-heading\" id=\"comprare-prodotti-di-stagione-perche-e-importante-a-cura-di-emanuele-perati\" style=\"background-color:#fff000\">Curiosit\u00e0 e consigli utili sui prodotti di stagione del mese a cura di <span style=\"text-decoration: underline;\" class=\"underline\">Emanuele Perati<\/span><\/h5>\n\n\n\n<p class=\"has-text-align-justify has-black-color has-white-background-color has-text-color has-background\">La Spesa di Marzo &#8211; Finalmente ci siamo! <a href=\"https:\/\/it.wikipedia.org\/wiki\/Marzo\" target=\"_blank\" rel=\"noreferrer noopener\">Marzo<\/a> \u00e8 arrivato e porta con s\u00e9 tanti buoni motivi per sorridere. Fa ancora piuttosto freddo, ma il sole ricomincia timidamente a far sentire il suo tepore. Gli alberi germogliano, la natura si risveglia e inizia a mostrarsi in tutta la sua bellezza. \u00c8 il mese del cambio dell\u2019ora, che sancisce definitivamente la fine della stagione fredda. Insomma, marzo arriva e ci dice che ce l\u2019abbiamo fatta, che abbiamo superato l\u2019inverno e che ora \u00e8 il momento di rifiorire, proprio come la natura che ci circonda.<\/p>\n\n\n\n<p class=\"has-text-align-justify has-black-color has-white-background-color has-text-color has-background\">Anche a tavola marzo \u00e8 un mese di transizione; troviamo ancora gli ultimi prodotti invernali, ma iniziano a fare capolino anche i primi vegetali primaverili. Non voglio farvi un elenco dispersivo con tutta la frutta e la verdura di questo mese; quindi, ho scelto 4 prodotti che non possono mancare nel carrello della spesa di marzo e ho deciso di darvi qualche consiglio per utilizzarli. Se vi siete persi perch\u00e9 \u00e8 cos\u00ec importante comprare prodotti di stagione, ve lo spiego <a href=\"https:\/\/www.pensiericroccanti.it\/index.php\/2022\/02\/24\/comprare-prodotti-di-stagione\/\">qui<\/a>.<\/p>\n\n\n\n<h5 class=\"has-text-align-center has-white-color has-black-background-color has-text-color has-background wp-block-heading\" id=\"ecco-perche-soprattutto-se-ami-la-cucina-dovresti-smettere-subito-di-comprare-prodotti-fuori-stagione\">Asparagi<\/h5>\n\n\n\n<p class=\"has-text-align-justify has-black-color has-text-color has-background\" style=\"background-color:#fff000\">Disponibili soltanto pochi mesi all\u2019anno (da marzo a giugno), gli asparagi sono buonissimi e ricchi di benefici. I pi\u00f9 comuni sono gli asparagi verdi, ma ne esistono alcune variet\u00e0 totalmente bianche, come l\u2019asparago bianco di Bassano del Grappa D.O.P. Il loro colore \u00e8 dovuto al fatto che crescono interamente sottoterra e senza raggi solari la clorofilla non \u00e8 in grado di conferirgli il tipico colore verde. <\/p>\n\n\n\n<div style=\"height:10px\" aria-hidden=\"true\" class=\"wp-block-spacer\"><\/div>\n\n\n<div class=\"wp-block-image\">\n<figure class=\"aligncenter size-large\"><img decoding=\"async\" src=\"data:image\/gif;base64,R0lGODlhAQABAAAAACH5BAEKAAEALAAAAAABAAEAAAICTAEAOw==\" data-layzr=\"https:\/\/www.pensiericroccanti.it\/wp-content\/uploads\/2022\/03\/asparagi-1024x740.jpg\" alt=\"la spesa di marzo\" class=\"wp-image-5594\" title=\"\"><\/figure>\n<\/div>\n\n\n<div style=\"height:10px\" aria-hidden=\"true\" class=\"wp-block-spacer\"><\/div>\n\n\n\n<p class=\"has-text-align-justify has-black-color has-text-color has-background\" style=\"background-color:#fff000\">I miei preferiti sono gli asparagi selvatici, molto sottili e tendenti al violetto; sono meno comuni, ma in stagione ogni tanto si trovano nei supermercati. Cuoceteli a vapore (passateli poi in acqua fredda per fermare la cottura e mantenere vivo il colore) e conditeli con olio e sale per un contorno sano, oppure provate ad usarli nelle svariate ricette che li vedono protagonisti, come la nostra <a href=\"https:\/\/www.pensiericroccanti.it\/index.php\/2019\/02\/22\/pasta-alla-carbonara-di-asparagi\/\">carbonara di asparagi<\/a>.<\/p>\n\n\n\n<h5 class=\"has-text-align-center has-white-color has-black-background-color has-text-color has-background wp-block-heading\"><strong>Carciofi<\/strong><\/h5>\n\n\n\n<p class=\"has-text-align-justify has-black-color has-white-background-color has-text-color has-background\">Sapevate che l\u2019Italia \u00e8 il primo produttore di carciofi al mondo? ne abbiamo tantissime variet\u00e0 riconosciute, come lo \u201cspinoso di Sardegna D.O.P.\u201d o il \u201ccarciofo romanesco del Lazio I.G.P.\u201d, anche detto mammola. Alcune variet\u00e0 sono disponibili anche in autunno, poi, dopo una pausa invernale, tornano disponibili in primavera. <\/p>\n\n\n<div class=\"wp-block-image\">\n<figure class=\"aligncenter size-large\"><img decoding=\"async\" src=\"data:image\/gif;base64,R0lGODlhAQABAAAAACH5BAEKAAEALAAAAAABAAEAAAICTAEAOw==\" data-layzr=\"https:\/\/www.pensiericroccanti.it\/wp-content\/uploads\/2022\/03\/carciofi-1024x668.jpg\" alt=\"carciofi\" class=\"wp-image-5596\" title=\"\"><\/figure>\n<\/div>\n\n\n<p class=\"has-text-align-justify has-black-color has-white-background-color has-text-color has-background\">I carciofi hanno pochissime calorie e tante propriet\u00e0, ma per sfruttarle appieno andrebbero consumati crudi o cotti a vapore. Se volete consumarli crudi potete abbinarli a scaglie di Parmigiano, pancetta croccante e aceto balsamico; una volta cotti a vapore, invece, si prestano per un pinzimonio diverso dal solito. Niente batte per\u00f2 i carciofi alla romana. Trito di aglio e prezzemolo dentro al carciofo intero, un po\u2019 d\u2019olio e li fate stufare lentamente in padella aggiungendo eventualmente un goccio d\u2019acqua.<\/p>\n\n\n\n<h5 class=\"has-text-align-center has-white-color has-black-background-color has-text-color has-background wp-block-heading\"><strong>Cipollotti<\/strong><\/h5>\n\n\n\n<p class=\"has-text-align-justify has-black-color has-text-color has-background\" style=\"background-color:#fff000\">Si trovano tutto l\u2019anno, ma il loro periodo naturale \u00e8 l\u2019inizio della primavera. I cipollotti non sono altro che i bulbi delle cipolle raccolti prima che giungano a maturazione e in cucina sono davvero versatili. Ne esistono due tipologie principali, quelli bianchi, dal sapore un po&#8217; pi\u00f9 deciso, e quelli rossi, pi\u00f9 dolci e adatti ad essere consumati crudi. <\/p>\n\n\n<div class=\"wp-block-image\">\n<figure class=\"aligncenter size-large\"><img decoding=\"async\" src=\"data:image\/gif;base64,R0lGODlhAQABAAAAACH5BAEKAAEALAAAAAABAAEAAAICTAEAOw==\" data-layzr=\"https:\/\/www.pensiericroccanti.it\/wp-content\/uploads\/2022\/03\/cipollotti-1024x683.jpg\" alt=\"cipollotti\" class=\"wp-image-5597\" title=\"\"><\/figure>\n<\/div>\n\n\n<p class=\"has-text-align-justify has-black-color has-text-color has-background\" style=\"background-color:#fff000\">Se proprio fate fatica a digerirli, provate a metterli in ammollo in acqua e aceto per mezzora prima di usarli. Sono buonissimi alla griglia, potete inserirli tra gli ingredienti di un primo piatto o metterli in forno avvolti nella pancetta. Mi raccomando non buttate la parte verde. Tagliata ad anelli e messa in forno con olio e sale diventa croccante e perfetta per dare un tocco aromatico a tantissimi piatti.<\/p>\n\n\n\n<h5 class=\"has-text-align-center has-white-color has-black-background-color has-text-color has-background wp-block-heading\"><strong>Arance rosse<\/strong><\/h5>\n\n\n\n<p class=\"has-text-align-justify has-black-color has-white-background-color has-text-color has-background\">Nella lista della spesa di marzo non possono mancare le arance rosse. In inverno la frutta di stagione \u00e8 davvero poca e diventa pi\u00f9 difficile riuscire a consumarne tanta proprio perch\u00e9 c\u2019\u00e8 poca scelta. Meno male che esistono arance e mandarini! Marzo \u00e8 l\u2019ultimo mese utile per gustare questi prodotti buonissimi e pieni di vitamine. <\/p>\n\n\n<div class=\"wp-block-image\">\n<figure class=\"aligncenter size-large\"><img decoding=\"async\" src=\"data:image\/gif;base64,R0lGODlhAQABAAAAACH5BAEKAAEALAAAAAABAAEAAAICTAEAOw==\" data-layzr=\"https:\/\/www.pensiericroccanti.it\/wp-content\/uploads\/2022\/03\/arance-rosse-683x1024.jpg\" alt=\"\" class=\"wp-image-5598\" title=\"\"><\/figure>\n<\/div>\n\n\n<p class=\"has-text-align-justify has-black-color has-white-background-color has-text-color has-background\">Certo, si trovano anche a primavera inoltrata, ma il gusto non \u00e8 pi\u00f9 lo stesso. In particolare, questo \u00e8 il periodo perfetto per le arance rosse, che verso la fine dell\u2019inverno sono belle mature. Provate ad abbinarle ad un trancio di tonno scottato e a un\u2019insalatina di finocchi per un secondo piatto che ricorda i sapori della Sicilia. Altrimenti potete usarle in tantissime ricette dolci. Ad esempio la nostra <a href=\"https:\/\/www.pensiericroccanti.it\/index.php\/2019\/02\/23\/torta-arancia-cannella-e-mandorle\/\">torta arancia cannella e mandorle<\/a>.<\/p>\n\n\n\n<hr class=\"wp-block-separator\"\/>\n\n\n\n<div class=\"wp-block-group\"><div class=\"wp-block-group__inner-container is-layout-flow wp-block-group-is-layout-flow\">\n<div class=\"wp-block-columns is-layout-flex wp-container-core-columns-is-layout-9d6595d7 wp-block-columns-is-layout-flex\">\n<div class=\"wp-block-column is-layout-flow wp-block-column-is-layout-flow\" style=\"flex-basis:100%\">\n<div class=\"wp-block-group\"><div class=\"wp-block-group__inner-container is-layout-flow wp-block-group-is-layout-flow\">\n<div class=\"wp-block-columns is-layout-flex wp-container-core-columns-is-layout-9d6595d7 wp-block-columns-is-layout-flex\">\n<div class=\"wp-block-column is-layout-flow wp-block-column-is-layout-flow\" style=\"flex-basis:100%\">\n<div class=\"wp-block-columns is-layout-flex wp-container-core-columns-is-layout-9d6595d7 wp-block-columns-is-layout-flex\">\n<div class=\"wp-block-column is-layout-flow wp-block-column-is-layout-flow\">\n<div class=\"wp-block-image\"><figure class=\"aligncenter size-full is-resized\"><img loading=\"lazy\" decoding=\"async\" src=\"data:image\/gif;base64,R0lGODlhAQABAAAAACH5BAEKAAEALAAAAAABAAEAAAICTAEAOw==\" data-layzr=\"https:\/\/www.pensiericroccanti.it\/wp-content\/uploads\/2022\/02\/emanule-perati-2.jpg\" alt=\"emanuele perati\" class=\"wp-image-5189\" width=\"244\" height=\"304\" title=\"\"><figcaption>Emanuele Perati<\/figcaption><\/figure><\/div>\n<\/div>\n\n\n\n<div class=\"wp-block-column is-vertically-aligned-center is-layout-flow wp-block-column-is-layout-flow\">\n<p class=\"has-text-align-justify has-small-font-size\">29 anni, nato a Modena. Cresciuto a Lambrusco e grassi saturi, appassionato di cucina da sempre, perch\u00e9 da queste parti far da mangiare \u00e8 una roba seria. Una laurea in Marketing, un Master in Valorizzazione delle tipicit\u00e0 enogastronomiche, artigiano a tempo pieno e cameriere occasionale. Frequentatore professionista di osterie, cuoco amatoriale a tratti eccellente e a tratti disastroso, aspirante sommelier. Per me la cucina \u00e8 soprattutto arte, l\u2019unica capace di appagare tutti e cinque i nostri sensi. Scrivo di tutto ci\u00f2 che sta sopra, sotto o intorno a una tavola, tecniche, curiosit\u00e0 da gustare e molto altro. Sogno di partire alla scoperta di sapori e profumi lontani e di vivere raccontandoli a chi, come me, se non sta mangiando sta probabilmente pensando a cosa mangiare.<\/p>\n\n\n\n<p class=\"has-small-font-size\"><a href=\"mailto:lele.perati@gmail.com\">lele.perati@gmail.com<\/a><\/p>\n\n\n\n<p class=\"has-text-align-justify has-small-font-size\"> <\/p>\n<\/div>\n<\/div>\n<\/div>\n<\/div>\n<\/div><\/div>\n<\/div>\n<\/div>\n<\/div><\/div>\n\n\n<p class=\"aligncenter is-style-outline wp-block-tag-cloud\"><a href=\"https:\/\/www.pensiericroccanti.it\/index.php\/tag\/abruzzo\/\" class=\"tag-cloud-link tag-link-234 tag-link-position-1\" style=\"font-size: 9.8666666666667pt;\" aria-label=\"ABRUZZO (7 elementi)\">ABRUZZO<\/a>\n<a href=\"https:\/\/www.pensiericroccanti.it\/index.php\/tag\/aifi\/\" class=\"tag-cloud-link tag-link-2030 tag-link-position-2\" style=\"font-size: 10.644444444444pt;\" aria-label=\"aifi (8 elementi)\">aifi<\/a>\n<a href=\"https:\/\/www.pensiericroccanti.it\/index.php\/tag\/albumi\/\" class=\"tag-cloud-link tag-link-401 tag-link-position-3\" style=\"font-size: 10.644444444444pt;\" aria-label=\"albumi (8 elementi)\">albumi<\/a>\n<a href=\"https:\/\/www.pensiericroccanti.it\/index.php\/tag\/avena\/\" class=\"tag-cloud-link tag-link-18 tag-link-position-4\" style=\"font-size: 13.133333333333pt;\" aria-label=\"AVENA (12 elementi)\">AVENA<\/a>\n<a href=\"https:\/\/www.pensiericroccanti.it\/index.php\/tag\/basilico\/\" class=\"tag-cloud-link tag-link-496 tag-link-position-5\" style=\"font-size: 8pt;\" aria-label=\"BASILICO (5 elementi)\">BASILICO<\/a>\n<a href=\"https:\/\/www.pensiericroccanti.it\/index.php\/tag\/caramello\/\" class=\"tag-cloud-link tag-link-313 tag-link-position-6\" style=\"font-size: 8pt;\" aria-label=\"caramello (5 elementi)\">caramello<\/a>\n<a href=\"https:\/\/www.pensiericroccanti.it\/index.php\/tag\/cavolo-viola\/\" class=\"tag-cloud-link tag-link-492 tag-link-position-7\" style=\"font-size: 8pt;\" aria-label=\"CAVOLO VIOLA (5 elementi)\">CAVOLO VIOLA<\/a>\n<a href=\"https:\/\/www.pensiericroccanti.it\/index.php\/tag\/cheesecake\/\" class=\"tag-cloud-link tag-link-216 tag-link-position-8\" style=\"font-size: 8pt;\" aria-label=\"cheesecake (5 elementi)\">cheesecake<\/a>\n<a href=\"https:\/\/www.pensiericroccanti.it\/index.php\/tag\/cioccolato\/\" class=\"tag-cloud-link tag-link-73 tag-link-position-9\" style=\"font-size: 20.288888888889pt;\" aria-label=\"CIOCCOLATO (36 elementi)\">CIOCCOLATO<\/a>\n<a href=\"https:\/\/www.pensiericroccanti.it\/index.php\/tag\/cioccolato-bianco\/\" class=\"tag-cloud-link tag-link-278 tag-link-position-10\" style=\"font-size: 9.8666666666667pt;\" aria-label=\"cioccolato bianco (7 elementi)\">cioccolato bianco<\/a>\n<a href=\"https:\/\/www.pensiericroccanti.it\/index.php\/tag\/clafoutis\/\" class=\"tag-cloud-link tag-link-147 tag-link-position-11\" style=\"font-size: 8pt;\" aria-label=\"clafoutis (5 elementi)\">clafoutis<\/a>\n<a href=\"https:\/\/www.pensiericroccanti.it\/index.php\/tag\/cocco\/\" class=\"tag-cloud-link tag-link-152 tag-link-position-12\" style=\"font-size: 8pt;\" aria-label=\"cocco (5 elementi)\">cocco<\/a>\n<a href=\"https:\/\/www.pensiericroccanti.it\/index.php\/tag\/colazione-fit\/\" class=\"tag-cloud-link tag-link-250 tag-link-position-13\" style=\"font-size: 14.533333333333pt;\" aria-label=\"COLAZIONE FIT (15 elementi)\">COLAZIONE FIT<\/a>\n<a href=\"https:\/\/www.pensiericroccanti.it\/index.php\/tag\/colazione-light\/\" class=\"tag-cloud-link tag-link-398 tag-link-position-14\" style=\"font-size: 9.0888888888889pt;\" aria-label=\"colazione light (6 elementi)\">colazione light<\/a>\n<a href=\"https:\/\/www.pensiericroccanti.it\/index.php\/tag\/dolce-gluten-free\/\" class=\"tag-cloud-link tag-link-468 tag-link-position-15\" style=\"font-size: 20.755555555556pt;\" aria-label=\"dolce gluten free (39 elementi)\">dolce gluten free<\/a>\n<a href=\"https:\/\/www.pensiericroccanti.it\/index.php\/tag\/emanuele-perati\/\" class=\"tag-cloud-link tag-link-1896 tag-link-position-16\" style=\"font-size: 13.133333333333pt;\" aria-label=\"emanuele perati (12 elementi)\">emanuele perati<\/a>\n<a href=\"https:\/\/www.pensiericroccanti.it\/index.php\/tag\/gluten-free\/\" class=\"tag-cloud-link tag-link-300 tag-link-position-17\" style=\"font-size: 22pt;\" aria-label=\"gluten free (47 elementi)\">gluten free<\/a>\n<a href=\"https:\/\/www.pensiericroccanti.it\/index.php\/tag\/imprentas\/\" class=\"tag-cloud-link tag-link-1942 tag-link-position-18\" style=\"font-size: 13.133333333333pt;\" aria-label=\"imprentas (12 elementi)\">imprentas<\/a>\n<a href=\"https:\/\/www.pensiericroccanti.it\/index.php\/tag\/limone\/\" class=\"tag-cloud-link tag-link-932 tag-link-position-19\" style=\"font-size: 8pt;\" aria-label=\"LIMONE (5 elementi)\">LIMONE<\/a>\n<a href=\"https:\/\/www.pensiericroccanti.it\/index.php\/tag\/mandorle\/\" class=\"tag-cloud-link tag-link-508 tag-link-position-20\" style=\"font-size: 13.755555555556pt;\" aria-label=\"MANDORLE (13 elementi)\">MANDORLE<\/a>\n<a href=\"https:\/\/www.pensiericroccanti.it\/index.php\/tag\/milani\/\" class=\"tag-cloud-link tag-link-144 tag-link-position-21\" style=\"font-size: 9.8666666666667pt;\" aria-label=\"milani (7 elementi)\">milani<\/a>\n<a href=\"https:\/\/www.pensiericroccanti.it\/index.php\/tag\/milani-frutta-secca\/\" class=\"tag-cloud-link tag-link-145 tag-link-position-22\" style=\"font-size: 9.0888888888889pt;\" aria-label=\"milani frutta secca (6 elementi)\">milani frutta secca<\/a>\n<a href=\"https:\/\/www.pensiericroccanti.it\/index.php\/tag\/nutella\/\" class=\"tag-cloud-link tag-link-168 tag-link-position-23\" style=\"font-size: 9.8666666666667pt;\" aria-label=\"NUTELLA (7 elementi)\">NUTELLA<\/a>\n<a href=\"https:\/\/www.pensiericroccanti.it\/index.php\/tag\/pancakes\/\" class=\"tag-cloud-link tag-link-294 tag-link-position-24\" style=\"font-size: 10.644444444444pt;\" aria-label=\"pancakes (8 elementi)\">pancakes<\/a>\n<a href=\"https:\/\/www.pensiericroccanti.it\/index.php\/tag\/pensieri-croccanti\/\" class=\"tag-cloud-link tag-link-1053 tag-link-position-25\" style=\"font-size: 19.822222222222pt;\" aria-label=\"pensieri croccanti (34 elementi)\">pensieri croccanti<\/a>\n<a href=\"https:\/\/www.pensiericroccanti.it\/index.php\/tag\/pepe\/\" class=\"tag-cloud-link tag-link-627 tag-link-position-26\" style=\"font-size: 9.0888888888889pt;\" aria-label=\"pepe (6 elementi)\">pepe<\/a>\n<a href=\"https:\/\/www.pensiericroccanti.it\/index.php\/tag\/pistacchi\/\" class=\"tag-cloud-link tag-link-1100 tag-link-position-27\" style=\"font-size: 8pt;\" aria-label=\"pistacchi (5 elementi)\">pistacchi<\/a>\n<a href=\"https:\/\/www.pensiericroccanti.it\/index.php\/tag\/pizza\/\" class=\"tag-cloud-link tag-link-1033 tag-link-position-28\" style=\"font-size: 8pt;\" aria-label=\"pizza (5 elementi)\">pizza<\/a>\n<a href=\"https:\/\/www.pensiericroccanti.it\/index.php\/tag\/porridge\/\" class=\"tag-cloud-link tag-link-247 tag-link-position-29\" style=\"font-size: 10.644444444444pt;\" aria-label=\"PORRIDGE (8 elementi)\">PORRIDGE<\/a>\n<a href=\"https:\/\/www.pensiericroccanti.it\/index.php\/tag\/porridge-avena\/\" class=\"tag-cloud-link tag-link-568 tag-link-position-30\" style=\"font-size: 8pt;\" aria-label=\"porridge avena (5 elementi)\">porridge avena<\/a>\n<a href=\"https:\/\/www.pensiericroccanti.it\/index.php\/tag\/ricetta\/\" class=\"tag-cloud-link tag-link-1035 tag-link-position-31\" style=\"font-size: 8pt;\" aria-label=\"ricetta (5 elementi)\">ricetta<\/a>\n<a href=\"https:\/\/www.pensiericroccanti.it\/index.php\/tag\/ricetta-abruzzese\/\" class=\"tag-cloud-link tag-link-1312 tag-link-position-32\" style=\"font-size: 9.8666666666667pt;\" aria-label=\"ricetta abruzzese (7 elementi)\">ricetta abruzzese<\/a>\n<a href=\"https:\/\/www.pensiericroccanti.it\/index.php\/tag\/ricetta-facile\/\" class=\"tag-cloud-link tag-link-289 tag-link-position-33\" style=\"font-size: 8pt;\" aria-label=\"RICETTA FACILE (5 elementi)\">RICETTA FACILE<\/a>\n<a href=\"https:\/\/www.pensiericroccanti.it\/index.php\/tag\/ricetta-giappone\/\" class=\"tag-cloud-link tag-link-612 tag-link-position-34\" style=\"font-size: 8pt;\" aria-label=\"RICETTA GIAPPONE (5 elementi)\">RICETTA GIAPPONE<\/a>\n<a href=\"https:\/\/www.pensiericroccanti.it\/index.php\/tag\/ricetta-giapponese\/\" class=\"tag-cloud-link tag-link-611 tag-link-position-35\" style=\"font-size: 8pt;\" aria-label=\"RICETTA GIAPPONESE (5 elementi)\">RICETTA GIAPPONESE<\/a>\n<a href=\"https:\/\/www.pensiericroccanti.it\/index.php\/tag\/ricette-abruzzesi\/\" class=\"tag-cloud-link tag-link-233 tag-link-position-36\" style=\"font-size: 12.666666666667pt;\" aria-label=\"RICETTE ABRUZZESI (11 elementi)\">RICETTE ABRUZZESI<\/a>\n<a href=\"https:\/\/www.pensiericroccanti.it\/index.php\/tag\/ricette-senza-glutine\/\" class=\"tag-cloud-link tag-link-255 tag-link-position-37\" style=\"font-size: 21.222222222222pt;\" aria-label=\"RICETTE SENZA GLUTINE (42 elementi)\">RICETTE SENZA GLUTINE<\/a>\n<a href=\"https:\/\/www.pensiericroccanti.it\/index.php\/tag\/ricotta\/\" class=\"tag-cloud-link tag-link-183 tag-link-position-38\" style=\"font-size: 10.644444444444pt;\" aria-label=\"RICOTTA (8 elementi)\">RICOTTA<\/a>\n<a href=\"https:\/\/www.pensiericroccanti.it\/index.php\/tag\/risotto\/\" class=\"tag-cloud-link tag-link-126 tag-link-position-39\" style=\"font-size: 10.644444444444pt;\" aria-label=\"RISOTTO (8 elementi)\">RISOTTO<\/a>\n<a href=\"https:\/\/www.pensiericroccanti.it\/index.php\/tag\/rum\/\" class=\"tag-cloud-link tag-link-955 tag-link-position-40\" style=\"font-size: 8pt;\" aria-label=\"rum (5 elementi)\">rum<\/a>\n<a href=\"https:\/\/www.pensiericroccanti.it\/index.php\/tag\/salumi-minozzi\/\" class=\"tag-cloud-link tag-link-119 tag-link-position-41\" style=\"font-size: 8pt;\" aria-label=\"SALUMI MINOZZI (5 elementi)\">SALUMI MINOZZI<\/a>\n<a href=\"https:\/\/www.pensiericroccanti.it\/index.php\/tag\/scuppoz\/\" class=\"tag-cloud-link tag-link-545 tag-link-position-42\" style=\"font-size: 10.644444444444pt;\" aria-label=\"scuppoz (8 elementi)\">scuppoz<\/a>\n<a href=\"https:\/\/www.pensiericroccanti.it\/index.php\/tag\/senza-glutine\/\" class=\"tag-cloud-link tag-link-23 tag-link-position-43\" style=\"font-size: 21.844444444444pt;\" aria-label=\"SENZA GLUTINE (46 elementi)\">SENZA GLUTINE<\/a>\n<a href=\"https:\/\/www.pensiericroccanti.it\/index.php\/tag\/spaghetti\/\" class=\"tag-cloud-link tag-link-165 tag-link-position-44\" style=\"font-size: 11.422222222222pt;\" aria-label=\"SPAGHETTI (9 elementi)\">SPAGHETTI<\/a>\n<a href=\"https:\/\/www.pensiericroccanti.it\/index.php\/tag\/waffles\/\" class=\"tag-cloud-link tag-link-430 tag-link-position-45\" style=\"font-size: 9.8666666666667pt;\" aria-label=\"waffles (7 elementi)\">waffles<\/a><\/p>","protected":false},"excerpt":{"rendered":"<p>Curiosit\u00e0 e consigli utili sui prodotti di stagione del mese a cura di Emanuele Perati La Spesa di Marzo &#8211; Finalmente ci siamo! Marzo \u00e8 arrivato e porta con s\u00e9 tanti buoni motivi per sorridere. Fa ancora piuttosto freddo, ma il sole ricomincia timidamente a far sentire il suo tepore. Gli alberi germogliano, la natura si risveglia e inizia a &hellip; <\/p>\n","protected":false},"author":1,"featured_media":5600,"comment_status":"open","ping_status":"open","sticky":false,"template":"","format":"standard","meta":{"_eb_attr":"","_uag_custom_page_level_css":"","_jetpack_memberships_contains_paid_content":false,"footnotes":""},"categories":[1883],"tags":[1919,1896,1931,1053,1932],"class_list":["post-5593","post","type-post","status-publish","format-standard","has-post-thumbnail","hentry","category-giornale-del-food","tag-comprare-alimenti","tag-emanuele-perati","tag-la-spesa-di-marzo","tag-pensieri-croccanti","tag-prodotti-di-stagione","latest_post"],"jetpack_featured_media_url":"https:\/\/i0.wp.com\/www.pensiericroccanti.it\/wp-content\/uploads\/2022\/03\/la-spesa-di-marzo.jpg?fit=1472%2C982&ssl=1","uagb_featured_image_src":{"full":["https:\/\/i0.wp.com\/www.pensiericroccanti.it\/wp-content\/uploads\/2022\/03\/la-spesa-di-marzo.jpg?fit=1472%2C982&ssl=1",1472,982,false],"thumbnail":["https:\/\/i0.wp.com\/www.pensiericroccanti.it\/wp-content\/uploads\/2022\/03\/la-spesa-di-marzo.jpg?resize=150%2C150&ssl=1",150,150,true],"medium":["https:\/\/i0.wp.com\/www.pensiericroccanti.it\/wp-content\/uploads\/2022\/03\/la-spesa-di-marzo.jpg?fit=300%2C200&ssl=1",300,200,true],"medium_large":["https:\/\/i0.wp.com\/www.pensiericroccanti.it\/wp-content\/uploads\/2022\/03\/la-spesa-di-marzo.jpg?fit=768%2C512&ssl=1",768,512,true],"large":["https:\/\/i0.wp.com\/www.pensiericroccanti.it\/wp-content\/uploads\/2022\/03\/la-spesa-di-marzo.jpg?fit=925%2C617&ssl=1",925,617,true],"post-slider-thumb-size":["https:\/\/i0.wp.com\/www.pensiericroccanti.it\/wp-content\/uploads\/2022\/03\/la-spesa-di-marzo.jpg?resize=330%2C190&ssl=1",330,190,true],"post-category-slider-size":["https:\/\/i0.wp.com\/www.pensiericroccanti.it\/wp-content\/uploads\/2022\/03\/la-spesa-di-marzo.jpg?resize=330%2C350&ssl=1",330,350,true],"1536x1536":["https:\/\/i0.wp.com\/www.pensiericroccanti.it\/wp-content\/uploads\/2022\/03\/la-spesa-di-marzo.jpg?fit=1472%2C982&ssl=1",1472,982,true],"2048x2048":["https:\/\/i0.wp.com\/www.pensiericroccanti.it\/wp-content\/uploads\/2022\/03\/la-spesa-di-marzo.jpg?fit=1472%2C982&ssl=1",1472,982,true],"blossom-fashion-slider":["https:\/\/i0.wp.com\/www.pensiericroccanti.it\/wp-content\/uploads\/2022\/03\/la-spesa-di-marzo.jpg?resize=1472%2C760&ssl=1",1472,760,true],"blossom-fashion-slider-six":["https:\/\/i0.wp.com\/www.pensiericroccanti.it\/wp-content\/uploads\/2022\/03\/la-spesa-di-marzo.jpg?resize=430%2C600&ssl=1",430,600,true],"blossom-fashion-featured":["https:\/\/i0.wp.com\/www.pensiericroccanti.it\/wp-content\/uploads\/2022\/03\/la-spesa-di-marzo.jpg?resize=400%2C230&ssl=1",400,230,true],"blossom-fashion-with-sidebar":["https:\/\/i0.wp.com\/www.pensiericroccanti.it\/wp-content\/uploads\/2022\/03\/la-spesa-di-marzo.jpg?resize=925%2C540&ssl=1",925,540,true],"blossom-fashion-fullwidth":["https:\/\/i0.wp.com\/www.pensiericroccanti.it\/wp-content\/uploads\/2022\/03\/la-spesa-di-marzo.jpg?resize=1320%2C540&ssl=1",1320,540,true],"blossom-fashion-blog-home":["https:\/\/i0.wp.com\/www.pensiericroccanti.it\/wp-content\/uploads\/2022\/03\/la-spesa-di-marzo.jpg?resize=435%2C332&ssl=1",435,332,true],"blossom-fashion-blog-four":["https:\/\/i0.wp.com\/www.pensiericroccanti.it\/wp-content\/uploads\/2022\/03\/la-spesa-di-marzo.jpg?resize=410%2C350&ssl=1",410,350,true],"blossom-fashion-blog-five":["https:\/\/i0.wp.com\/www.pensiericroccanti.it\/wp-content\/uploads\/2022\/03\/la-spesa-di-marzo.jpg?resize=410%2C570&ssl=1",410,570,true],"blossom-fashion-blog-archive":["https:\/\/i0.wp.com\/www.pensiericroccanti.it\/wp-content\/uploads\/2022\/03\/la-spesa-di-marzo.jpg?resize=330%2C255&ssl=1",330,255,true],"blossom-fashion-related":["https:\/\/i0.wp.com\/www.pensiericroccanti.it\/wp-content\/uploads\/2022\/03\/la-spesa-di-marzo.jpg?resize=300%2C232&ssl=1",300,232,true],"blossom-fashion-popular":["https:\/\/i0.wp.com\/www.pensiericroccanti.it\/wp-content\/uploads\/2022\/03\/la-spesa-di-marzo.jpg?resize=280%2C215&ssl=1",280,215,true],"blossom-fashion-shop":["https:\/\/i0.wp.com\/www.pensiericroccanti.it\/wp-content\/uploads\/2022\/03\/la-spesa-di-marzo.jpg?resize=293%2C400&ssl=1",293,400,true],"blossom-fashion-schema":["https:\/\/i0.wp.com\/www.pensiericroccanti.it\/wp-content\/uploads\/2022\/03\/la-spesa-di-marzo.jpg?fit=90%2C60&ssl=1",90,60,true],"woocommerce_thumbnail":["https:\/\/i0.wp.com\/www.pensiericroccanti.it\/wp-content\/uploads\/2022\/03\/la-spesa-di-marzo.jpg?resize=300%2C300&ssl=1",300,300,true],"woocommerce_single":["https:\/\/i0.wp.com\/www.pensiericroccanti.it\/wp-content\/uploads\/2022\/03\/la-spesa-di-marzo.jpg?fit=600%2C400&ssl=1",600,400,true],"woocommerce_gallery_thumbnail":["https:\/\/i0.wp.com\/www.pensiericroccanti.it\/wp-content\/uploads\/2022\/03\/la-spesa-di-marzo.jpg?resize=300%2C300&ssl=1",300,300,true]},"uagb_author_info":{"display_name":"pensieri croccanti","author_link":"https:\/\/www.pensiericroccanti.it\/index.php\/author\/admin2991\/"},"uagb_comment_info":0,"uagb_excerpt":"Curiosit\u00e0 e consigli utili sui prodotti di stagione del mese a cura di Emanuele Perati La Spesa di Marzo &#8211; Finalmente ci siamo! Marzo \u00e8 arrivato e porta con s\u00e9 tanti buoni motivi per sorridere. Fa ancora piuttosto freddo, ma il sole ricomincia timidamente a far sentire il suo tepore. Gli alberi germogliano, la natura&hellip;","jetpack_sharing_enabled":true,"jetpack-related-posts":[],"jetpack_likes_enabled":false,"_links":{"self":[{"href":"https:\/\/www.pensiericroccanti.it\/index.php\/wp-json\/wp\/v2\/posts\/5593","targetHints":{"allow":["GET"]}}],"collection":[{"href":"https:\/\/www.pensiericroccanti.it\/index.php\/wp-json\/wp\/v2\/posts"}],"about":[{"href":"https:\/\/www.pensiericroccanti.it\/index.php\/wp-json\/wp\/v2\/types\/post"}],"author":[{"embeddable":true,"href":"https:\/\/www.pensiericroccanti.it\/index.php\/wp-json\/wp\/v2\/users\/1"}],"replies":[{"embeddable":true,"href":"https:\/\/www.pensiericroccanti.it\/index.php\/wp-json\/wp\/v2\/comments?post=5593"}],"version-history":[{"count":2,"href":"https:\/\/www.pensiericroccanti.it\/index.php\/wp-json\/wp\/v2\/posts\/5593\/revisions"}],"predecessor-version":[{"id":5599,"href":"https:\/\/www.pensiericroccanti.it\/index.php\/wp-json\/wp\/v2\/posts\/5593\/revisions\/5599"}],"wp:featuredmedia":[{"embeddable":true,"href":"https:\/\/www.pensiericroccanti.it\/index.php\/wp-json\/wp\/v2\/media\/5600"}],"wp:attachment":[{"href":"https:\/\/www.pensiericroccanti.it\/index.php\/wp-json\/wp\/v2\/media?parent=5593"}],"wp:term":[{"taxonomy":"category","embeddable":true,"href":"https:\/\/www.pensiericroccanti.it\/index.php\/wp-json\/wp\/v2\/categories?post=5593"},{"taxonomy":"post_tag","embeddable":true,"href":"https:\/\/www.pensiericroccanti.it\/index.php\/wp-json\/wp\/v2\/tags?post=5593"}],"curies":[{"name":"wp","href":"https:\/\/api.w.org\/{rel}","templated":true}]}}