{"id":344,"date":"2019-03-19T07:18:53","date_gmt":"2019-03-19T06:18:53","guid":{"rendered":"http:\/\/pensiericroccanti.it\/?p=344"},"modified":"2022-03-19T09:35:19","modified_gmt":"2022-03-19T08:35:19","slug":"zeppole-di-san-giuseppe-super-light-senza-burro-senza-glutine-senza-latte","status":"publish","type":"post","link":"https:\/\/www.pensiericroccanti.it\/index.php\/2019\/03\/19\/zeppole-di-san-giuseppe-super-light-senza-burro-senza-glutine-senza-latte\/","title":{"rendered":"ZEPPOLE DI SAN GIUSEPPE senza Glutine"},"content":{"rendered":"\n<h5 class=\"has-text-align-center has-white-color has-vivid-red-background-color has-text-color has-background wp-block-heading\" id=\"zeppole-di-san-giuseppe-super-light-senza-burro-senza-glutine-senza-latte\">ZEPPOLE DI SAN GIUSEPPE &#8211; SUPER LIGHT SENZA BURRO, SENZA GLUTINE, SENZA LATTE<\/h5>\n\n\n\n<p class=\"has-text-align-justify has-black-color has-text-color has-background\" style=\"background-color:#fff000\">Questo dolce, le zeppole di San Giuseppe, lo dedico a tutti i pap\u00e0 con <a href=\"https:\/\/it.wikipedia.org\/wiki\/Intolleranza_alimentare\" target=\"_blank\" rel=\"noreferrer noopener\">problemi di intolleranze<\/a> perch\u00e9 tutti i pap\u00e0 devono necessariamente avere le proprie zeppole! <\/p>\n\n\n\n<p class=\"has-text-align-justify has-black-color has-text-color has-background\" style=\"background-color:#fff000\">Ho cucinato pensando al mio pap\u00e0,&nbsp; che mi ha insegnato ad essere una roccia, ma a non mettersi mai su un piedistallo; che mi ha insegnato che bisogna rimproverare i figli per il loro bene, ma che bisogna sempre perdonarli e stargli accanto; <\/p>\n\n\n\n<p class=\"has-text-align-justify has-black-color has-text-color has-background\" style=\"background-color:#fff000\">ma soprattutto che mi ha insegnato che genitore non si nasce, il mestiere di genitore si impara ogni giorno, guardando in mondo attraverso gli occhi del proprio figlio e con l&#8217;umilt\u00e0 e la forza di mettersi i gioco e di impegnarsi, sempre &#8230;anche quando non si \u00e8 pi\u00f9 qui&#8230; <\/p>\n\n\n\n<p class=\"has-text-align-justify has-black-color has-text-color has-background\" style=\"background-color:#fff000\">Auguri pap\u00e0 e grazie, per tutto, perch\u00e9 lo so che sei sempre accanto a me&#8230;anche da lass\u00f9&#8230;<\/p>\n\n\n\n<p class=\"has-white-color has-black-background-color has-text-color has-background\"><strong>INGREDIENTI :<\/strong><\/p>\n\n\n\n<p><span style=\"text-decoration: underline;\" class=\"underline\"><em>Per le zeppole :<\/em><\/span><\/p>\n\n\n\n<div class=\"wp-block-columns is-layout-flex wp-container-core-columns-is-layout-9d6595d7 wp-block-columns-is-layout-flex\">\n<div class=\"wp-block-column is-layout-flow wp-block-column-is-layout-flow\" style=\"flex-basis:100%\">\n<ul class=\"has-black-color has-cyan-bluish-gray-background-color has-text-color has-background wp-block-list\"><li>100g farina di riso<\/li><li>100g acqua<\/li><li>50g olio d\u2019oliva<\/li><li>3 uova intere<\/li><li>Per la crema:<\/li><li>500 ml di latte vegetale<\/li><li>100 gr di zucchero<\/li><li>4 tuorli<\/li><li>40 g di amido di mais<\/li><li>la buccia di un limone non trattato<\/li><\/ul>\n<\/div>\n<\/div>\n\n\n\n<p><span style=\"text-decoration: underline;\" class=\"underline\"><em>Per decorare :<\/em><\/span><\/p>\n\n\n\n<div class=\"wp-block-columns is-layout-flex wp-container-core-columns-is-layout-9d6595d7 wp-block-columns-is-layout-flex\">\n<div class=\"wp-block-column is-layout-flow wp-block-column-is-layout-flow\" style=\"flex-basis:100%\">\n<ul class=\"has-black-color has-cyan-bluish-gray-background-color has-text-color has-background wp-block-list\"><li>Ciliegie candite<\/li><li>Zucchero al velo<\/li><\/ul>\n<\/div>\n<\/div>\n\n\n\n<div style=\"height:10px\" aria-hidden=\"true\" class=\"wp-block-spacer\"><\/div>\n\n\n<div class=\"wp-block-image\">\n<figure class=\"aligncenter size-large\"><img decoding=\"async\" src=\"data:image\/gif;base64,R0lGODlhAQABAAAAACH5BAEKAAEALAAAAAABAAEAAAICTAEAOw==\" data-layzr=\"https:\/\/www.pensiericroccanti.it\/wp-content\/uploads\/2020\/06\/zeppole-di-san-giuseppe-1024x1012.jpg\" alt=\"zeppole di san giuseppe\" class=\"wp-image-4607\" title=\"\"><\/figure>\n<\/div>\n\n\n<p class=\"has-white-color has-black-background-color has-text-color has-background\"><strong>PROCEDIMENTO :<\/strong><\/p>\n\n\n\n<p class=\"has-text-align-justify has-black-color has-text-color has-background\" style=\"background-color:#fff000\">Preparare le zeppole: Portare a bollore in una pentola l\u2019acqua con l\u2019olio. Aggiungere&nbsp; la farina setacciata, tutta in un colpo,&nbsp; mescolare energicamente con&nbsp; in modo da formare una palla liscia che si stacca perfettamente dalle pareti della pentola. <\/p>\n\n\n\n<p class=\"has-text-align-justify has-black-color has-text-color has-background\" style=\"background-color:#fff000\">Far raffreddare leggermente il composto, poi unire le uova leggermente sbattute ed&nbsp; amalgamare&nbsp; il tutto fino ad ottenere un impasto liscio ed omogeneo. Con l\u2019aiuto di una sac a poche formare delle palline, grandezza a piacimento,&nbsp; su di una teglia ricoperta di carta da forno e ben distanti fra loro. Cuocere in forno ventilato preriscaldato a 180\u00b0 per 15\/2&#8243; min. <\/p>\n\n\n\n<p class=\"has-text-align-justify has-black-color has-text-color has-background\" style=\"background-color:#fff000\">Nel frattempo preparare la crema: mettere il latte in un contenitore per microonde assieme alle buccia di limone,&nbsp; a temperatura media per 3 minuti. In una terrina unire i tuorli&nbsp; allo zucchero e l&#8217;amido mescolare con un frullatore, poi aggiungere anche il latte ed amalgamare uniformemente. <\/p>\n\n\n\n<p class=\"has-text-align-justify has-black-color has-text-color has-background\" style=\"background-color:#fff000\">Una volta incorporato tutto il latte, mettere la ciotola dentro al microonde per 3 minuti.  Comporre il dolce riempiendo le zeppole con la crema poi decorarle con lo zucchero al velo, la crema e una ciliegia candita.<\/p>\n\n\n\n<div style=\"height:20px\" aria-hidden=\"true\" class=\"wp-block-spacer\"><\/div>\n\n\n\n<p>scopri le altre <a href=\"https:\/\/www.pensiericroccanti.it\/index.php\/cucina-abruzzese\/\">ricette<\/a> della cucina tradizionale abruzzese<\/p>\n\n\n\n<div style=\"height:10px\" aria-hidden=\"true\" class=\"wp-block-spacer\"><\/div>\n\n\n<p class=\"aligncenter is-style-outline wp-block-tag-cloud\"><a href=\"https:\/\/www.pensiericroccanti.it\/index.php\/tag\/abruzzo\/\" class=\"tag-cloud-link tag-link-234 tag-link-position-1\" style=\"font-size: 8pt;\" aria-label=\"ABRUZZO (7 elementi)\">ABRUZZO<\/a>\n<a href=\"https:\/\/www.pensiericroccanti.it\/index.php\/tag\/aifi\/\" class=\"tag-cloud-link tag-link-2030 tag-link-position-2\" style=\"font-size: 8.8974358974359pt;\" aria-label=\"aifi (8 elementi)\">aifi<\/a>\n<a href=\"https:\/\/www.pensiericroccanti.it\/index.php\/tag\/albumi\/\" class=\"tag-cloud-link tag-link-401 tag-link-position-3\" style=\"font-size: 8.8974358974359pt;\" aria-label=\"albumi (8 elementi)\">albumi<\/a>\n<a href=\"https:\/\/www.pensiericroccanti.it\/index.php\/tag\/avena\/\" class=\"tag-cloud-link tag-link-18 tag-link-position-4\" style=\"font-size: 11.769230769231pt;\" aria-label=\"AVENA (12 elementi)\">AVENA<\/a>\n<a href=\"https:\/\/www.pensiericroccanti.it\/index.php\/tag\/cioccolato\/\" class=\"tag-cloud-link tag-link-73 tag-link-position-5\" style=\"font-size: 20.025641025641pt;\" aria-label=\"CIOCCOLATO (36 elementi)\">CIOCCOLATO<\/a>\n<a href=\"https:\/\/www.pensiericroccanti.it\/index.php\/tag\/cioccolato-bianco\/\" class=\"tag-cloud-link tag-link-278 tag-link-position-6\" style=\"font-size: 8pt;\" aria-label=\"cioccolato bianco (7 elementi)\">cioccolato bianco<\/a>\n<a href=\"https:\/\/www.pensiericroccanti.it\/index.php\/tag\/colazione-fit\/\" class=\"tag-cloud-link tag-link-250 tag-link-position-7\" style=\"font-size: 13.384615384615pt;\" aria-label=\"COLAZIONE FIT (15 elementi)\">COLAZIONE FIT<\/a>\n<a href=\"https:\/\/www.pensiericroccanti.it\/index.php\/tag\/dolce-gluten-free\/\" class=\"tag-cloud-link tag-link-468 tag-link-position-8\" style=\"font-size: 20.564102564103pt;\" aria-label=\"dolce gluten free (39 elementi)\">dolce gluten free<\/a>\n<a href=\"https:\/\/www.pensiericroccanti.it\/index.php\/tag\/emanuele-perati\/\" class=\"tag-cloud-link tag-link-1896 tag-link-position-9\" style=\"font-size: 11.769230769231pt;\" aria-label=\"emanuele perati (12 elementi)\">emanuele perati<\/a>\n<a href=\"https:\/\/www.pensiericroccanti.it\/index.php\/tag\/gluten-free\/\" class=\"tag-cloud-link tag-link-300 tag-link-position-10\" style=\"font-size: 22pt;\" aria-label=\"gluten free (47 elementi)\">gluten free<\/a>\n<a href=\"https:\/\/www.pensiericroccanti.it\/index.php\/tag\/imprentas\/\" class=\"tag-cloud-link tag-link-1942 tag-link-position-11\" style=\"font-size: 11.769230769231pt;\" aria-label=\"imprentas (12 elementi)\">imprentas<\/a>\n<a href=\"https:\/\/www.pensiericroccanti.it\/index.php\/tag\/mandorle\/\" class=\"tag-cloud-link tag-link-508 tag-link-position-12\" style=\"font-size: 12.487179487179pt;\" aria-label=\"MANDORLE (13 elementi)\">MANDORLE<\/a>\n<a href=\"https:\/\/www.pensiericroccanti.it\/index.php\/tag\/milani\/\" class=\"tag-cloud-link tag-link-144 tag-link-position-13\" style=\"font-size: 8pt;\" aria-label=\"milani (7 elementi)\">milani<\/a>\n<a href=\"https:\/\/www.pensiericroccanti.it\/index.php\/tag\/nutella\/\" class=\"tag-cloud-link tag-link-168 tag-link-position-14\" style=\"font-size: 8pt;\" aria-label=\"NUTELLA (7 elementi)\">NUTELLA<\/a>\n<a href=\"https:\/\/www.pensiericroccanti.it\/index.php\/tag\/pancakes\/\" class=\"tag-cloud-link tag-link-294 tag-link-position-15\" style=\"font-size: 8.8974358974359pt;\" aria-label=\"pancakes (8 elementi)\">pancakes<\/a>\n<a href=\"https:\/\/www.pensiericroccanti.it\/index.php\/tag\/pensieri-croccanti\/\" class=\"tag-cloud-link tag-link-1053 tag-link-position-16\" style=\"font-size: 19.487179487179pt;\" aria-label=\"pensieri croccanti (34 elementi)\">pensieri croccanti<\/a>\n<a href=\"https:\/\/www.pensiericroccanti.it\/index.php\/tag\/porridge\/\" class=\"tag-cloud-link tag-link-247 tag-link-position-17\" style=\"font-size: 8.8974358974359pt;\" aria-label=\"PORRIDGE (8 elementi)\">PORRIDGE<\/a>\n<a href=\"https:\/\/www.pensiericroccanti.it\/index.php\/tag\/ricette-abruzzesi\/\" class=\"tag-cloud-link tag-link-233 tag-link-position-18\" style=\"font-size: 11.230769230769pt;\" aria-label=\"RICETTE ABRUZZESI (11 elementi)\">RICETTE ABRUZZESI<\/a>\n<a href=\"https:\/\/www.pensiericroccanti.it\/index.php\/tag\/ricette-senza-glutine\/\" class=\"tag-cloud-link tag-link-255 tag-link-position-19\" style=\"font-size: 21.102564102564pt;\" aria-label=\"RICETTE SENZA GLUTINE (42 elementi)\">RICETTE SENZA GLUTINE<\/a>\n<a href=\"https:\/\/www.pensiericroccanti.it\/index.php\/tag\/ricotta\/\" class=\"tag-cloud-link tag-link-183 tag-link-position-20\" style=\"font-size: 8.8974358974359pt;\" aria-label=\"RICOTTA (8 elementi)\">RICOTTA<\/a>\n<a href=\"https:\/\/www.pensiericroccanti.it\/index.php\/tag\/risotto\/\" class=\"tag-cloud-link tag-link-126 tag-link-position-21\" style=\"font-size: 8.8974358974359pt;\" aria-label=\"RISOTTO (8 elementi)\">RISOTTO<\/a>\n<a href=\"https:\/\/www.pensiericroccanti.it\/index.php\/tag\/scuppoz\/\" class=\"tag-cloud-link tag-link-545 tag-link-position-22\" style=\"font-size: 8.8974358974359pt;\" aria-label=\"scuppoz (8 elementi)\">scuppoz<\/a>\n<a href=\"https:\/\/www.pensiericroccanti.it\/index.php\/tag\/senza-glutine\/\" class=\"tag-cloud-link tag-link-23 tag-link-position-23\" style=\"font-size: 21.820512820513pt;\" aria-label=\"SENZA GLUTINE (46 elementi)\">SENZA GLUTINE<\/a>\n<a href=\"https:\/\/www.pensiericroccanti.it\/index.php\/tag\/spaghetti\/\" class=\"tag-cloud-link tag-link-165 tag-link-position-24\" style=\"font-size: 9.7948717948718pt;\" aria-label=\"SPAGHETTI (9 elementi)\">SPAGHETTI<\/a>\n<a href=\"https:\/\/www.pensiericroccanti.it\/index.php\/tag\/waffles\/\" class=\"tag-cloud-link tag-link-430 tag-link-position-25\" style=\"font-size: 8pt;\" aria-label=\"waffles (7 elementi)\">waffles<\/a><\/p>","protected":false},"excerpt":{"rendered":"<p>ZEPPOLE DI SAN GIUSEPPE &#8211; SUPER LIGHT SENZA BURRO, SENZA GLUTINE, SENZA LATTE Questo dolce, le zeppole di San Giuseppe, lo dedico a tutti i pap\u00e0 con problemi di intolleranze perch\u00e9 tutti i pap\u00e0 devono necessariamente avere le proprie zeppole! Ho cucinato pensando al mio pap\u00e0,&nbsp; che mi ha insegnato ad essere una roccia, ma a non mettersi mai su &hellip; <\/p>\n","protected":false},"author":1,"featured_media":4607,"comment_status":"open","ping_status":"open","sticky":false,"template":"","format":"standard","meta":{"_eb_attr":"","_uag_custom_page_level_css":"","_jetpack_memberships_contains_paid_content":false,"footnotes":""},"categories":[3,2,39],"tags":[23,24],"class_list":["post-344","post","type-post","status-publish","format-standard","has-post-thumbnail","hentry","category-colazione","category-dolci","category-ricette-abruzzesi","tag-senza-glutine","tag-zeppole-di-san-giuseppe-super-light-senza-burro","latest_post"],"jetpack_featured_media_url":"https:\/\/i0.wp.com\/www.pensiericroccanti.it\/wp-content\/uploads\/2020\/06\/zeppole-di-san-giuseppe.jpg?fit=1080%2C1067&ssl=1","uagb_featured_image_src":{"full":["https:\/\/i0.wp.com\/www.pensiericroccanti.it\/wp-content\/uploads\/2020\/06\/zeppole-di-san-giuseppe.jpg?fit=1080%2C1067&ssl=1",1080,1067,false],"thumbnail":["https:\/\/i0.wp.com\/www.pensiericroccanti.it\/wp-content\/uploads\/2020\/06\/zeppole-di-san-giuseppe.jpg?resize=150%2C150&ssl=1",150,150,true],"medium":["https:\/\/i0.wp.com\/www.pensiericroccanti.it\/wp-content\/uploads\/2020\/06\/zeppole-di-san-giuseppe.jpg?fit=300%2C296&ssl=1",300,296,true],"medium_large":["https:\/\/i0.wp.com\/www.pensiericroccanti.it\/wp-content\/uploads\/2020\/06\/zeppole-di-san-giuseppe.jpg?fit=768%2C759&ssl=1",768,759,true],"large":["https:\/\/i0.wp.com\/www.pensiericroccanti.it\/wp-content\/uploads\/2020\/06\/zeppole-di-san-giuseppe.jpg?fit=925%2C914&ssl=1",925,914,true],"post-slider-thumb-size":["https:\/\/i0.wp.com\/www.pensiericroccanti.it\/wp-content\/uploads\/2020\/06\/zeppole-di-san-giuseppe.jpg?resize=330%2C190&ssl=1",330,190,true],"post-category-slider-size":["https:\/\/i0.wp.com\/www.pensiericroccanti.it\/wp-content\/uploads\/2020\/06\/zeppole-di-san-giuseppe.jpg?resize=330%2C350&ssl=1",330,350,true],"1536x1536":["https:\/\/i0.wp.com\/www.pensiericroccanti.it\/wp-content\/uploads\/2020\/06\/zeppole-di-san-giuseppe.jpg?fit=1080%2C1067&ssl=1",1080,1067,true],"2048x2048":["https:\/\/i0.wp.com\/www.pensiericroccanti.it\/wp-content\/uploads\/2020\/06\/zeppole-di-san-giuseppe.jpg?fit=1080%2C1067&ssl=1",1080,1067,true],"blossom-fashion-slider":["https:\/\/i0.wp.com\/www.pensiericroccanti.it\/wp-content\/uploads\/2020\/06\/zeppole-di-san-giuseppe.jpg?resize=1080%2C760&ssl=1",1080,760,true],"blossom-fashion-slider-six":["https:\/\/i0.wp.com\/www.pensiericroccanti.it\/wp-content\/uploads\/2020\/06\/zeppole-di-san-giuseppe.jpg?resize=430%2C600&ssl=1",430,600,true],"blossom-fashion-featured":["https:\/\/i0.wp.com\/www.pensiericroccanti.it\/wp-content\/uploads\/2020\/06\/zeppole-di-san-giuseppe.jpg?resize=400%2C230&ssl=1",400,230,true],"blossom-fashion-with-sidebar":["https:\/\/i0.wp.com\/www.pensiericroccanti.it\/wp-content\/uploads\/2020\/06\/zeppole-di-san-giuseppe.jpg?resize=925%2C540&ssl=1",925,540,true],"blossom-fashion-fullwidth":["https:\/\/i0.wp.com\/www.pensiericroccanti.it\/wp-content\/uploads\/2020\/06\/zeppole-di-san-giuseppe.jpg?resize=1080%2C540&ssl=1",1080,540,true],"blossom-fashion-blog-home":["https:\/\/i0.wp.com\/www.pensiericroccanti.it\/wp-content\/uploads\/2020\/06\/zeppole-di-san-giuseppe.jpg?resize=435%2C332&ssl=1",435,332,true],"blossom-fashion-blog-four":["https:\/\/i0.wp.com\/www.pensiericroccanti.it\/wp-content\/uploads\/2020\/06\/zeppole-di-san-giuseppe.jpg?resize=410%2C350&ssl=1",410,350,true],"blossom-fashion-blog-five":["https:\/\/i0.wp.com\/www.pensiericroccanti.it\/wp-content\/uploads\/2020\/06\/zeppole-di-san-giuseppe.jpg?resize=410%2C570&ssl=1",410,570,true],"blossom-fashion-blog-archive":["https:\/\/i0.wp.com\/www.pensiericroccanti.it\/wp-content\/uploads\/2020\/06\/zeppole-di-san-giuseppe.jpg?resize=330%2C255&ssl=1",330,255,true],"blossom-fashion-related":["https:\/\/i0.wp.com\/www.pensiericroccanti.it\/wp-content\/uploads\/2020\/06\/zeppole-di-san-giuseppe.jpg?resize=300%2C232&ssl=1",300,232,true],"blossom-fashion-popular":["https:\/\/i0.wp.com\/www.pensiericroccanti.it\/wp-content\/uploads\/2020\/06\/zeppole-di-san-giuseppe.jpg?resize=280%2C215&ssl=1",280,215,true],"blossom-fashion-shop":["https:\/\/i0.wp.com\/www.pensiericroccanti.it\/wp-content\/uploads\/2020\/06\/zeppole-di-san-giuseppe.jpg?resize=293%2C400&ssl=1",293,400,true],"blossom-fashion-schema":["https:\/\/i0.wp.com\/www.pensiericroccanti.it\/wp-content\/uploads\/2020\/06\/zeppole-di-san-giuseppe.jpg?fit=61%2C60&ssl=1",61,60,true],"woocommerce_thumbnail":["https:\/\/i0.wp.com\/www.pensiericroccanti.it\/wp-content\/uploads\/2020\/06\/zeppole-di-san-giuseppe.jpg?resize=300%2C300&ssl=1",300,300,true],"woocommerce_single":["https:\/\/i0.wp.com\/www.pensiericroccanti.it\/wp-content\/uploads\/2020\/06\/zeppole-di-san-giuseppe.jpg?fit=600%2C593&ssl=1",600,593,true],"woocommerce_gallery_thumbnail":["https:\/\/i0.wp.com\/www.pensiericroccanti.it\/wp-content\/uploads\/2020\/06\/zeppole-di-san-giuseppe.jpg?resize=300%2C300&ssl=1",300,300,true]},"uagb_author_info":{"display_name":"pensieri croccanti","author_link":"https:\/\/www.pensiericroccanti.it\/index.php\/author\/admin2991\/"},"uagb_comment_info":0,"uagb_excerpt":"ZEPPOLE DI SAN GIUSEPPE &#8211; SUPER LIGHT SENZA BURRO, SENZA GLUTINE, SENZA LATTE Questo dolce, le zeppole di San Giuseppe, lo dedico a tutti i pap\u00e0 con problemi di intolleranze perch\u00e9 tutti i pap\u00e0 devono necessariamente avere le proprie zeppole! Ho cucinato pensando al mio pap\u00e0,&nbsp; che mi ha insegnato ad essere una roccia, ma&hellip;","jetpack_sharing_enabled":true,"jetpack-related-posts":[],"jetpack_likes_enabled":false,"_links":{"self":[{"href":"https:\/\/www.pensiericroccanti.it\/index.php\/wp-json\/wp\/v2\/posts\/344","targetHints":{"allow":["GET"]}}],"collection":[{"href":"https:\/\/www.pensiericroccanti.it\/index.php\/wp-json\/wp\/v2\/posts"}],"about":[{"href":"https:\/\/www.pensiericroccanti.it\/index.php\/wp-json\/wp\/v2\/types\/post"}],"author":[{"embeddable":true,"href":"https:\/\/www.pensiericroccanti.it\/index.php\/wp-json\/wp\/v2\/users\/1"}],"replies":[{"embeddable":true,"href":"https:\/\/www.pensiericroccanti.it\/index.php\/wp-json\/wp\/v2\/comments?post=344"}],"version-history":[{"count":3,"href":"https:\/\/www.pensiericroccanti.it\/index.php\/wp-json\/wp\/v2\/posts\/344\/revisions"}],"predecessor-version":[{"id":6026,"href":"https:\/\/www.pensiericroccanti.it\/index.php\/wp-json\/wp\/v2\/posts\/344\/revisions\/6026"}],"wp:featuredmedia":[{"embeddable":true,"href":"https:\/\/www.pensiericroccanti.it\/index.php\/wp-json\/wp\/v2\/media\/4607"}],"wp:attachment":[{"href":"https:\/\/www.pensiericroccanti.it\/index.php\/wp-json\/wp\/v2\/media?parent=344"}],"wp:term":[{"taxonomy":"category","embeddable":true,"href":"https:\/\/www.pensiericroccanti.it\/index.php\/wp-json\/wp\/v2\/categories?post=344"},{"taxonomy":"post_tag","embeddable":true,"href":"https:\/\/www.pensiericroccanti.it\/index.php\/wp-json\/wp\/v2\/tags?post=344"}],"curies":[{"name":"wp","href":"https:\/\/api.w.org\/{rel}","templated":true}]}}